{"id":982,"date":"2023-06-14T11:46:52","date_gmt":"2023-06-14T11:46:52","guid":{"rendered":"https:\/\/winterfestivalbarcelona.com\/parco-guell\/"},"modified":"2023-07-11T07:01:29","modified_gmt":"2023-07-11T07:01:29","slug":"parco-guell","status":"publish","type":"post","link":"https:\/\/winterfestivalbarcelona.com\/it\/parco-guell\/","title":{"rendered":"Parco G\u00fcell"},"content":{"rendered":"\n<p class=\"has-medium-font-size\">Situato nella parte alta di Barcellona, il <strong>Parco G\u00fcell<\/strong> \u00e8 patrimonio dell&#8217;umanit\u00e0 dell&#8217;UNESCO ed \u00e8 una delle icone pi\u00f9 belle della citt\u00e0. Progettato dal famoso architetto Antoni Gaud\u00ed, il parco \u00e8 una splendida vetrina della sua immaginazione e del suo genio creativo. Durante l&#8217;inverno, il parco assume un fascino particolare, con meno folla e viste pittoresche a dir poco mozzafiato.<\/p>\n<div style=\"gap: 20px;\" class=\"align-button-left ub-buttons orientation-button-row ub-flex-wrap wp-block-ub-button\" id=\"ub-button-d59a0f34-1550-4e23-9f27-070f17b784db\"><div class=\"ub-button-container\">\n\t\t\t<a href=\"https:\/\/winterfestivalbarcelona.com\/recommends\/park-guell-en\/\" target=\"_blank\" rel=\"noopener noreferrer\" class=\"ub-button-block-main   ub-button-flex\" role=\"button\" style=\"--ub-button-background-color: #000288; --ub-button-color: #ffffff; --ub-button-border: none; --ub-button-hover-background-color: #313131; --ub-button-hover-color: #ffffff; --ub-button-hover-border: none; padding-top: 10px; padding-right: 10px; padding-bottom: 10px; padding-left: 10px; border-radius: 10px; \">\n\t\t\t\t<div class=\"ub-button-content-holder\" style=\"flex-direction: row\">\n\t\t\t\t\t<span class=\"ub-button-icon-holder\">\n\t\t\t\t<svg xmlns=\"http:\/\/www.w3.org\/2000\/svg\" height=\"30\" width=\"30\" viewbox=\"0 0 512 512\">\n\t\t\t\t\t<path fill=\"currentColor\" d=\"M0 256a256 256 0 1 0 512 0A256 256 0 1 0 0 256zM241 377c-9.4 9.4-24.6 9.4-33.9 0s-9.4-24.6 0-33.9l87-87-87-87c-9.4-9.4-9.4-24.6 0-33.9s24.6-9.4 33.9 0L345 239c9.4 9.4 9.4 24.6 0 33.9L241 377z\">\n\t\t\t\t<\/path><\/svg>\n\t\t\t<\/span><span class=\"ub-button-block-btn\">Get your tickets<\/span>\n\t\t\t\t<\/div>\n\t\t\t<\/a>\n\t\t<\/div><\/div>\n<div data-tiqets-widget=\"discovery\" data-cards-layout=\"responsive\" data-slug-ids=\"pro1022061,pro1021172,pro1111427\" data-partner=\"winterfestivalbarcelona\"><\/div><script defer=\"defer\" src=\"https:\/\/widgets.tiqets.com\/loader.js\"><\/script>\n<div data-is_sticky=\"false\" data-sticky_toc_position=\"left\" data-hide_sticky_on_mobile=\"false\" data-sticky_button_icon='&lt;svg style=\"color:#000000;\" class=\"ub_sticky-toc-open-button-icon\" xmlns=\"http:\/\/www.w3.org\/2000\/svg\" height=\"34px\" width=\"34px\" viewBox=\"0, 0, 448, 512\"&gt;&lt;path fill=\"currentColor\" d=\"M0 96C0 78.33 14.33 64 32 64H416C433.7 64 448 78.33 448 96C448 113.7 433.7 128 416 128H32C14.33 128 0 113.7 0 96zM0 256C0 238.3 14.33 224 32 224H416C433.7 224 448 238.3 448 256C448 273.7 433.7 288 416 288H32C14.33 288 0 273.7 0 256zM416 448H32C14.33 448 0 433.7 0 416C0 398.3 14.33 384 32 384H416C433.7 384 448 398.3 448 416C448 433.7 433.7 448 416 448z\"&gt;&lt;\/svg&gt;' data-sticky_button_color=\"#000000\" data-sticky_toc_width=\"320px\" class=\"wp-block-ub-table-of-contents-block ub_table-of-contents\" id=\"ub_table-of-contents-d02c79f1-47b7-4150-a2ef-fb440c130f2a\" data-linktodivider=\"false\" data-showtext=\"show\" data-hidetext=\"hide\" data-scrolltype=\"auto\" data-enablesmoothscroll=\"false\" data-initiallyhideonmobile=\"false\" data-initiallyshow=\"true\"><div class=\"ub_table-of-contents-header-container\" style=\"background-color: #000288; color: #ffffff; \">\n\t\t\t<div class=\"ub_table-of-contents-header\" style=\"text-align: left; \">\n\t\t\t\t<div class=\"ub_table-of-contents-title\"><strong>Park G\u00fcell<\/strong><\/div>\n\t\t\t\t\n\t\t\t<\/div>\n\t\t<\/div><div class=\"ub_table-of-contents-extra-container\" style=\"background-color: #ffffff; \">\n\t\t\t<div class=\"ub_table-of-contents-container ub_table-of-contents-1-column \">\n\t\t\t\t<ul style=\"\"><li style=\"\"><a href=\"https:\/\/winterfestivalbarcelona.com\/it\/parco-guell\/#0-why-visit-park-g%C3%BCell-in-winter\" style=\"color: #000000; \">Why visit Park G\u00fcell in winter?<\/a><\/li><li style=\"\"><a href=\"https:\/\/winterfestivalbarcelona.com\/it\/parco-guell\/#1-attractions-and-christmas-activities-at-park-g%C3%BCell\" style=\"color: #000000; \">Attractions and Christmas activities at Park G\u00fcell<\/a><\/li><li style=\"\"><a href=\"https:\/\/winterfestivalbarcelona.com\/it\/parco-guell\/#2-ticket-prices-and-availability\" style=\"color: #000000; \">Ticket prices and availability<\/a><\/li><li style=\"\"><a href=\"https:\/\/winterfestivalbarcelona.com\/it\/parco-guell\/#3-opening-hours\" style=\"color: #000000; \">Opening hours<\/a><\/li><li style=\"\"><a href=\"https:\/\/winterfestivalbarcelona.com\/it\/parco-guell\/#4-getting-to-park-g%C3%BCell\" style=\"color: #000000; \">Getting to Park G\u00fcell<\/a><\/li><\/ul>\n\t\t\t<\/div>\n\t\t<\/div><\/div>\n<h2 class=\"wp-block-heading\" id=\"0-why-visit-park-g%C3%BCell-in-winter\">Perch\u00e9 visitare Park G\u00fcell in inverno?<\/h2>\n\n<p>L&#8217;inverno \u00e8 un periodo eccellente per visitare Park G\u00fcell per diversi motivi. L&#8217;aria frizzante dell&#8217;inverno esalta la bellezza verdeggiante del parco, la vista su Barcellona \u00e8 straordinaria e il numero ridotto di turisti permette di esplorare il parco con calma e senza fretta.<\/p>\n\n<p>Inoltre, l&#8217;architettura del parco, ricoperta di intricate piastrelle e mosaici, brilla in modo particolare sotto la morbida luce del sole invernale. Che siate fan dell&#8217;opera di Gaud\u00ed, amanti della natura o fotografi in cerca di scatti perfetti, Park G\u00fcell in inverno non vi deluder\u00e0.<\/p>\n\n<h2 class=\"wp-block-heading\" id=\"1-attractions-and-christmas-activities-at-park-g%C3%BCell\">Attrazioni e attivit\u00e0 natalizie al Park G\u00fcell<\/h2>\n\n<p>Il Parco G\u00fcell \u00e8 diviso in due aree: la Zona Monumentale, dove si trova la maggior parte delle opere di Gaud\u00ed, e la Zona Libera, aperta al pubblico senza biglietto d&#8217;ingresso.<\/p>\n\n<p>La Zona Monumentale ospita luoghi iconici come la Scala del Drago, la Sala Ipostila e il Teatro Greco. La Zona franca offre splendidi giardini, sentieri e viadotti, nonch\u00e9 una vista mozzafiato dal Tur\u00f3 de les Tres Creus.<\/p>\n\n<p>Durante il periodo natalizio, il Parco G\u00fcell ospita spesso attivit\u00e0 speciali come concerti di canti e rappresentazioni di presepi, che contribuiscono a creare un&#8217;atmosfera di festa.<\/p>\n\n<h2 class=\"wp-block-heading\" id=\"2-ticket-prices-and-availability\">Prezzi e disponibilit\u00e0 dei biglietti<\/h2>\n\n<figure class=\"wp-block-table\"><table><thead><tr><th class=\"has-text-align-left\" data-align=\"left\">Biglietti Park G\u00fcell<\/th><th class=\"has-text-align-right\" data-align=\"right\">Prezzo<\/th><th><\/th><\/tr><\/thead><tbody><tr><td class=\"has-text-align-left\" data-align=\"left\">Adulti (13-64)<\/td><td class=\"has-text-align-right\" data-align=\"right\">\u20ac 13.50<\/td><td><a class=\"thirstylink\" rel=\"nofollow\" target=\"_blank\" title=\"Park G\u00fcell EN\" href=\"https:\/\/winterfestivalbarcelona.com\/recommends\/park-guell-en\/\" data-shortcode=\"true\">Prenota ora<\/a><\/td><\/tr><tr><td class=\"has-text-align-left\" data-align=\"left\">Bambino (7-12)<\/td><td class=\"has-text-align-right\" data-align=\"right\">\u20ac 9,33<\/td><td><a class=\"thirstylink\" rel=\"nofollow\" target=\"_blank\" title=\"Park G\u00fcell EN\" href=\"https:\/\/winterfestivalbarcelona.com\/recommends\/park-guell-en\/\" data-shortcode=\"true\">Prenota ora<\/a><\/td><\/tr><tr><td class=\"has-text-align-left\" data-align=\"left\">Bambino (0-6)<\/td><td class=\"has-text-align-right\" data-align=\"right\">Gratuito<\/td><td><a class=\"thirstylink\" rel=\"nofollow\" target=\"_blank\" title=\"Park G\u00fcell EN\" href=\"https:\/\/winterfestivalbarcelona.com\/recommends\/park-guell-en\/\" data-shortcode=\"true\">Prenota ora<\/a><\/td><\/tr><tr><td class=\"has-text-align-left\" data-align=\"left\">Senior (65+)<\/td><td class=\"has-text-align-right\" data-align=\"right\">\u20ac 9.33<\/td><td><a class=\"thirstylink\" rel=\"nofollow\" target=\"_blank\" title=\"Park G\u00fcell EN\" href=\"https:\/\/winterfestivalbarcelona.com\/recommends\/park-guell-en\/\" data-shortcode=\"true\">Prenota ora<\/a><\/td><\/tr><\/tbody><\/table><\/figure>\n\n<div data-tiqets-widget=\"availability\" data-layout=\"full\" data-product-id=\"973888\" data-partner=\"winterfestivalbarcelona\"><\/div><script defer=\"defer\" src=\"https:\/\/widgets.tiqets.com\/loader.js\"><\/script>\n\n<h2 class=\"wp-block-heading\" id=\"3-opening-hours\">Orari di apertura<\/h2>\n\n<figure class=\"wp-block-table\"><table><thead><tr><th class=\"has-text-align-left\" data-align=\"left\">Parco G\u00fcell<\/th><th class=\"has-text-align-left\" data-align=\"left\">Orari di apertura<\/th><\/tr><\/thead><tbody><tr><td class=\"has-text-align-left\" data-align=\"left\">Luned\u00ec<\/td><td class=\"has-text-align-left\" data-align=\"left\">9.30 &#8211; 20.30<\/td><\/tr><tr><td class=\"has-text-align-left\" data-align=\"left\">Marted\u00ec<\/td><td class=\"has-text-align-left\" data-align=\"left\">9.30 &#8211; 20.30<\/td><\/tr><tr><td class=\"has-text-align-left\" data-align=\"left\">Mercoled\u00ec<\/td><td class=\"has-text-align-left\" data-align=\"left\">9.30 &#8211; 20.30<\/td><\/tr><tr><td class=\"has-text-align-left\" data-align=\"left\">Gioved\u00ec<\/td><td class=\"has-text-align-left\" data-align=\"left\">9.30 &#8211; 20.30<\/td><\/tr><tr><td class=\"has-text-align-left\" data-align=\"left\">Venerd\u00ec<\/td><td class=\"has-text-align-left\" data-align=\"left\">9.30 &#8211; 20.30<\/td><\/tr><tr><td class=\"has-text-align-left\" data-align=\"left\">Sabato<\/td><td class=\"has-text-align-left\" data-align=\"left\">9.30 &#8211; 20.30<\/td><\/tr><tr><td class=\"has-text-align-left\" data-align=\"left\">Domenica<\/td><td class=\"has-text-align-left\" data-align=\"left\">9.30 &#8211; 20.30<\/td><\/tr><\/tbody><\/table><\/figure>\n\n<h2 class=\"wp-block-heading\" id=\"4-getting-to-park-g%C3%BCell\">Come arrivare a Park G\u00fcell<\/h2>\n\n<p>Il Park G\u00fcell si trova sulla Collina del Carmelo e, pur essendo un po&#8217; in salita, ne vale la pena.<\/p>\n\n<p><strong>In autobus<\/strong>: gli autobus 24 e 92 hanno una fermata vicino al parco. L&#8217;autobus G\u00fcell, incluso nel biglietto del Park G\u00fcell, va dalla stazione della metropolitana Alfons X al parco.<\/p>\n\n<p><strong>In metropolitana<\/strong>: le stazioni della metropolitana pi\u00f9 vicine sono Lesseps e Vallcarca (linea verde L3). Da entrambe le stazioni, il parco \u00e8 raggiungibile a piedi in 15-20 minuti di salita.<\/p>\n\n<p><strong>In taxi<\/strong>: Una corsa in taxi pu\u00f2 essere un&#8217;opzione conveniente, soprattutto se viaggiate con bambini o se avete una mobilit\u00e0 limitata.<\/p>\n\n<div data-tiqets-widget=\"discovery\" data-cards-layout=\"responsive\" data-content-type=\"product\" data-item_count=\"3\" data-destination-type=\"city\" data-destination-id=\"66342\" data-partner=\"winterfestivalbarcelona\"><\/div><script defer=\"defer\" src=\"https:\/\/widgets.tiqets.com\/loader.js\"><\/script>\n","protected":false},"excerpt":{"rendered":"<p>Il Parco G\u00fcell \u00e8 una testimonianza della visione innovativa di Gaud\u00ed e un simbolo del ricco patrimonio culturale di Barcellona.  <\/p>\n","protected":false},"author":1,"featured_media":777,"comment_status":"open","ping_status":"open","sticky":false,"template":"","format":"standard","meta":{"_tec_requires_first_save":true,"_EventAllDay":false,"_EventTimezone":"","_EventStartDate":"","_EventEndDate":"","_EventStartDateUTC":"","_EventEndDateUTC":"","_EventShowMap":false,"_EventShowMapLink":false,"_EventURL":"","_EventCost":"","_EventCostDescription":"","_EventCurrencySymbol":"","_EventCurrencyCode":"","_EventCurrencyPosition":"","_EventDateTimeSeparator":"","_EventTimeRangeSeparator":"","_EventOrganizerID":[],"_EventVenueID":[],"_OrganizerEmail":"","_OrganizerPhone":"","_OrganizerWebsite":"","_VenueAddress":"","_VenueCity":"","_VenueCountry":"","_VenueProvince":"","_VenueState":"","_VenueZip":"","_VenuePhone":"","_VenueURL":"","_VenueStateProvince":"","_VenueLat":"","_VenueLng":"","_VenueShowMap":false,"_VenueShowMapLink":false,"_tribe_blocks_recurrence_rules":"","_tribe_blocks_recurrence_description":"","_tribe_blocks_recurrence_exclusions":"","footnotes":""},"categories":[44],"tags":[],"class_list":["post-982","post","type-post","status-publish","format-standard","has-post-thumbnail","hentry","category-punti-salienti"],"featured_image_src":"https:\/\/winterfestivalbarcelona.com\/wp-content\/uploads\/2023\/06\/Park-Guell-scaled.jpg","author_info":{"display_name":"Marco_Skreenz","author_link":"https:\/\/winterfestivalbarcelona.com\/it\/author\/marco_skreenz\/"},"yoast_head":"<!-- This site is optimized with the Yoast SEO plugin v26.6 - https:\/\/yoast.com\/wordpress\/plugins\/seo\/ -->\n<title>Parco G\u00fcell - Winter Festival Barcelona<\/title>\n<meta name=\"description\" content=\"Il Parco G\u00fcell \u00e8 una testimonianza della visione innovativa di Gaud\u00ed e un simbolo del ricco patrimonio culturale di Barcellona.\" \/>\n<meta name=\"robots\" content=\"index, follow, max-snippet:-1, max-image-preview:large, max-video-preview:-1\" \/>\n<link rel=\"canonical\" href=\"https:\/\/winterfestivalbarcelona.com\/it\/parco-guell\/\" \/>\n<meta property=\"og:locale\" content=\"it_IT\" \/>\n<meta property=\"og:type\" content=\"article\" \/>\n<meta property=\"og:title\" content=\"Parco G\u00fcell - Winter Festival Barcelona\" \/>\n<meta property=\"og:description\" content=\"Il Parco G\u00fcell \u00e8 una testimonianza della visione innovativa di Gaud\u00ed e un simbolo del ricco patrimonio culturale di Barcellona.\" \/>\n<meta property=\"og:url\" content=\"https:\/\/winterfestivalbarcelona.com\/it\/parco-guell\/\" \/>\n<meta property=\"og:site_name\" content=\"Winter Festival Barcelona\" \/>\n<meta property=\"article:published_time\" content=\"2023-06-14T11:46:52+00:00\" \/>\n<meta property=\"article:modified_time\" content=\"2023-07-11T07:01:29+00:00\" \/>\n<meta property=\"og:image\" content=\"https:\/\/winterfestivalbarcelona.com\/wp-content\/uploads\/2023\/06\/Park-Guell-scaled.jpg\" \/>\n\t<meta property=\"og:image:width\" content=\"2560\" \/>\n\t<meta property=\"og:image:height\" content=\"1743\" \/>\n\t<meta property=\"og:image:type\" content=\"image\/jpeg\" \/>\n<meta name=\"author\" content=\"Marco_Skreenz\" \/>\n<meta name=\"twitter:card\" content=\"summary_large_image\" \/>\n<meta name=\"twitter:label1\" content=\"Scritto da\" \/>\n\t<meta name=\"twitter:data1\" content=\"Marco_Skreenz\" \/>\n\t<meta name=\"twitter:label2\" content=\"Tempo di lettura stimato\" \/>\n\t<meta name=\"twitter:data2\" content=\"2 minuti\" \/>\n<script type=\"application\/ld+json\" class=\"yoast-schema-graph\">{\"@context\":\"https:\/\/schema.org\",\"@graph\":[{\"@type\":\"Article\",\"@id\":\"https:\/\/winterfestivalbarcelona.com\/it\/parco-guell\/#article\",\"isPartOf\":{\"@id\":\"https:\/\/winterfestivalbarcelona.com\/it\/parco-guell\/\"},\"author\":{\"name\":\"Marco_Skreenz\",\"@id\":\"https:\/\/winterfestivalbarcelona.com\/it\/#\/schema\/person\/4853762921d9caee9aacff82af5e00be\"},\"headline\":\"Parco G\u00fcell\",\"datePublished\":\"2023-06-14T11:46:52+00:00\",\"dateModified\":\"2023-07-11T07:01:29+00:00\",\"mainEntityOfPage\":{\"@id\":\"https:\/\/winterfestivalbarcelona.com\/it\/parco-guell\/\"},\"wordCount\":426,\"commentCount\":0,\"publisher\":{\"@id\":\"https:\/\/winterfestivalbarcelona.com\/it\/#organization\"},\"image\":{\"@id\":\"https:\/\/winterfestivalbarcelona.com\/it\/parco-guell\/#primaryimage\"},\"thumbnailUrl\":\"https:\/\/winterfestivalbarcelona.com\/wp-content\/uploads\/2023\/06\/Park-Guell-scaled.jpg\",\"articleSection\":[\"Punti salienti\"],\"inLanguage\":\"it-IT\",\"potentialAction\":[{\"@type\":\"CommentAction\",\"name\":\"Comment\",\"target\":[\"https:\/\/winterfestivalbarcelona.com\/it\/parco-guell\/#respond\"]}]},{\"@type\":\"WebPage\",\"@id\":\"https:\/\/winterfestivalbarcelona.com\/it\/parco-guell\/\",\"url\":\"https:\/\/winterfestivalbarcelona.com\/it\/parco-guell\/\",\"name\":\"Parco G\u00fcell - Winter Festival Barcelona\",\"isPartOf\":{\"@id\":\"https:\/\/winterfestivalbarcelona.com\/it\/#website\"},\"primaryImageOfPage\":{\"@id\":\"https:\/\/winterfestivalbarcelona.com\/it\/parco-guell\/#primaryimage\"},\"image\":{\"@id\":\"https:\/\/winterfestivalbarcelona.com\/it\/parco-guell\/#primaryimage\"},\"thumbnailUrl\":\"https:\/\/winterfestivalbarcelona.com\/wp-content\/uploads\/2023\/06\/Park-Guell-scaled.jpg\",\"datePublished\":\"2023-06-14T11:46:52+00:00\",\"dateModified\":\"2023-07-11T07:01:29+00:00\",\"description\":\"Il Parco G\u00fcell \u00e8 una testimonianza della visione innovativa di Gaud\u00ed e un simbolo del ricco patrimonio culturale di Barcellona.\",\"breadcrumb\":{\"@id\":\"https:\/\/winterfestivalbarcelona.com\/it\/parco-guell\/#breadcrumb\"},\"inLanguage\":\"it-IT\",\"potentialAction\":[{\"@type\":\"ReadAction\",\"target\":[\"https:\/\/winterfestivalbarcelona.com\/it\/parco-guell\/\"]}]},{\"@type\":\"ImageObject\",\"inLanguage\":\"it-IT\",\"@id\":\"https:\/\/winterfestivalbarcelona.com\/it\/parco-guell\/#primaryimage\",\"url\":\"https:\/\/winterfestivalbarcelona.com\/wp-content\/uploads\/2023\/06\/Park-Guell-scaled.jpg\",\"contentUrl\":\"https:\/\/winterfestivalbarcelona.com\/wp-content\/uploads\/2023\/06\/Park-Guell-scaled.jpg\",\"width\":2560,\"height\":1743,\"caption\":\"Park Gu\u0308ell\"},{\"@type\":\"BreadcrumbList\",\"@id\":\"https:\/\/winterfestivalbarcelona.com\/it\/parco-guell\/#breadcrumb\",\"itemListElement\":[{\"@type\":\"ListItem\",\"position\":1,\"name\":\"Home\",\"item\":\"https:\/\/winterfestivalbarcelona.com\/it\/\"},{\"@type\":\"ListItem\",\"position\":2,\"name\":\"Parco G\u00fcell\"}]},{\"@type\":\"WebSite\",\"@id\":\"https:\/\/winterfestivalbarcelona.com\/it\/#website\",\"url\":\"https:\/\/winterfestivalbarcelona.com\/it\/\",\"name\":\"Winter Festival Barcelona\",\"description\":\"Enjoy the most wonderful time of the year in Barcelona\",\"publisher\":{\"@id\":\"https:\/\/winterfestivalbarcelona.com\/it\/#organization\"},\"potentialAction\":[{\"@type\":\"SearchAction\",\"target\":{\"@type\":\"EntryPoint\",\"urlTemplate\":\"https:\/\/winterfestivalbarcelona.com\/it\/?s={search_term_string}\"},\"query-input\":{\"@type\":\"PropertyValueSpecification\",\"valueRequired\":true,\"valueName\":\"search_term_string\"}}],\"inLanguage\":\"it-IT\"},{\"@type\":\"Organization\",\"@id\":\"https:\/\/winterfestivalbarcelona.com\/it\/#organization\",\"name\":\"Winter Festival Barcelona\",\"url\":\"https:\/\/winterfestivalbarcelona.com\/it\/\",\"logo\":{\"@type\":\"ImageObject\",\"inLanguage\":\"it-IT\",\"@id\":\"https:\/\/winterfestivalbarcelona.com\/it\/#\/schema\/logo\/image\/\",\"url\":\"https:\/\/winterfestivalbarcelona.com\/wp-content\/uploads\/2023\/06\/winterfestivalbarcelona.jpg\",\"contentUrl\":\"https:\/\/winterfestivalbarcelona.com\/wp-content\/uploads\/2023\/06\/winterfestivalbarcelona.jpg\",\"width\":708,\"height\":259,\"caption\":\"Winter Festival Barcelona\"},\"image\":{\"@id\":\"https:\/\/winterfestivalbarcelona.com\/it\/#\/schema\/logo\/image\/\"}},{\"@type\":\"Person\",\"@id\":\"https:\/\/winterfestivalbarcelona.com\/it\/#\/schema\/person\/4853762921d9caee9aacff82af5e00be\",\"name\":\"Marco_Skreenz\",\"image\":{\"@type\":\"ImageObject\",\"inLanguage\":\"it-IT\",\"@id\":\"https:\/\/winterfestivalbarcelona.com\/it\/#\/schema\/person\/image\/\",\"url\":\"https:\/\/secure.gravatar.com\/avatar\/f621210d3d4bdbf371ca83337f3ee7e8f5a821f02354012bc110b878013bb59a?s=96&d=mm&r=g\",\"contentUrl\":\"https:\/\/secure.gravatar.com\/avatar\/f621210d3d4bdbf371ca83337f3ee7e8f5a821f02354012bc110b878013bb59a?s=96&d=mm&r=g\",\"caption\":\"Marco_Skreenz\"},\"sameAs\":[\"https:\/\/winterfestivalbarcelona.com\"],\"url\":\"https:\/\/winterfestivalbarcelona.com\/it\/author\/marco_skreenz\/\"}]}<\/script>\n<!-- \/ Yoast SEO plugin. -->","yoast_head_json":{"title":"Parco G\u00fcell - Winter Festival Barcelona","description":"Il Parco G\u00fcell \u00e8 una testimonianza della visione innovativa di Gaud\u00ed e un simbolo del ricco patrimonio culturale di Barcellona.","robots":{"index":"index","follow":"follow","max-snippet":"max-snippet:-1","max-image-preview":"max-image-preview:large","max-video-preview":"max-video-preview:-1"},"canonical":"https:\/\/winterfestivalbarcelona.com\/it\/parco-guell\/","og_locale":"it_IT","og_type":"article","og_title":"Parco G\u00fcell - Winter Festival Barcelona","og_description":"Il Parco G\u00fcell \u00e8 una testimonianza della visione innovativa di Gaud\u00ed e un simbolo del ricco patrimonio culturale di Barcellona.","og_url":"https:\/\/winterfestivalbarcelona.com\/it\/parco-guell\/","og_site_name":"Winter Festival Barcelona","article_published_time":"2023-06-14T11:46:52+00:00","article_modified_time":"2023-07-11T07:01:29+00:00","og_image":[{"width":2560,"height":1743,"url":"https:\/\/winterfestivalbarcelona.com\/wp-content\/uploads\/2023\/06\/Park-Guell-scaled.jpg","type":"image\/jpeg"}],"author":"Marco_Skreenz","twitter_card":"summary_large_image","twitter_misc":{"Scritto da":"Marco_Skreenz","Tempo di lettura stimato":"2 minuti"},"schema":{"@context":"https:\/\/schema.org","@graph":[{"@type":"Article","@id":"https:\/\/winterfestivalbarcelona.com\/it\/parco-guell\/#article","isPartOf":{"@id":"https:\/\/winterfestivalbarcelona.com\/it\/parco-guell\/"},"author":{"name":"Marco_Skreenz","@id":"https:\/\/winterfestivalbarcelona.com\/it\/#\/schema\/person\/4853762921d9caee9aacff82af5e00be"},"headline":"Parco G\u00fcell","datePublished":"2023-06-14T11:46:52+00:00","dateModified":"2023-07-11T07:01:29+00:00","mainEntityOfPage":{"@id":"https:\/\/winterfestivalbarcelona.com\/it\/parco-guell\/"},"wordCount":426,"commentCount":0,"publisher":{"@id":"https:\/\/winterfestivalbarcelona.com\/it\/#organization"},"image":{"@id":"https:\/\/winterfestivalbarcelona.com\/it\/parco-guell\/#primaryimage"},"thumbnailUrl":"https:\/\/winterfestivalbarcelona.com\/wp-content\/uploads\/2023\/06\/Park-Guell-scaled.jpg","articleSection":["Punti salienti"],"inLanguage":"it-IT","potentialAction":[{"@type":"CommentAction","name":"Comment","target":["https:\/\/winterfestivalbarcelona.com\/it\/parco-guell\/#respond"]}]},{"@type":"WebPage","@id":"https:\/\/winterfestivalbarcelona.com\/it\/parco-guell\/","url":"https:\/\/winterfestivalbarcelona.com\/it\/parco-guell\/","name":"Parco G\u00fcell - Winter Festival Barcelona","isPartOf":{"@id":"https:\/\/winterfestivalbarcelona.com\/it\/#website"},"primaryImageOfPage":{"@id":"https:\/\/winterfestivalbarcelona.com\/it\/parco-guell\/#primaryimage"},"image":{"@id":"https:\/\/winterfestivalbarcelona.com\/it\/parco-guell\/#primaryimage"},"thumbnailUrl":"https:\/\/winterfestivalbarcelona.com\/wp-content\/uploads\/2023\/06\/Park-Guell-scaled.jpg","datePublished":"2023-06-14T11:46:52+00:00","dateModified":"2023-07-11T07:01:29+00:00","description":"Il Parco G\u00fcell \u00e8 una testimonianza della visione innovativa di Gaud\u00ed e un simbolo del ricco patrimonio culturale di Barcellona.","breadcrumb":{"@id":"https:\/\/winterfestivalbarcelona.com\/it\/parco-guell\/#breadcrumb"},"inLanguage":"it-IT","potentialAction":[{"@type":"ReadAction","target":["https:\/\/winterfestivalbarcelona.com\/it\/parco-guell\/"]}]},{"@type":"ImageObject","inLanguage":"it-IT","@id":"https:\/\/winterfestivalbarcelona.com\/it\/parco-guell\/#primaryimage","url":"https:\/\/winterfestivalbarcelona.com\/wp-content\/uploads\/2023\/06\/Park-Guell-scaled.jpg","contentUrl":"https:\/\/winterfestivalbarcelona.com\/wp-content\/uploads\/2023\/06\/Park-Guell-scaled.jpg","width":2560,"height":1743,"caption":"Park Gu\u0308ell"},{"@type":"BreadcrumbList","@id":"https:\/\/winterfestivalbarcelona.com\/it\/parco-guell\/#breadcrumb","itemListElement":[{"@type":"ListItem","position":1,"name":"Home","item":"https:\/\/winterfestivalbarcelona.com\/it\/"},{"@type":"ListItem","position":2,"name":"Parco G\u00fcell"}]},{"@type":"WebSite","@id":"https:\/\/winterfestivalbarcelona.com\/it\/#website","url":"https:\/\/winterfestivalbarcelona.com\/it\/","name":"Winter Festival Barcelona","description":"Enjoy the most wonderful time of the year in Barcelona","publisher":{"@id":"https:\/\/winterfestivalbarcelona.com\/it\/#organization"},"potentialAction":[{"@type":"SearchAction","target":{"@type":"EntryPoint","urlTemplate":"https:\/\/winterfestivalbarcelona.com\/it\/?s={search_term_string}"},"query-input":{"@type":"PropertyValueSpecification","valueRequired":true,"valueName":"search_term_string"}}],"inLanguage":"it-IT"},{"@type":"Organization","@id":"https:\/\/winterfestivalbarcelona.com\/it\/#organization","name":"Winter Festival Barcelona","url":"https:\/\/winterfestivalbarcelona.com\/it\/","logo":{"@type":"ImageObject","inLanguage":"it-IT","@id":"https:\/\/winterfestivalbarcelona.com\/it\/#\/schema\/logo\/image\/","url":"https:\/\/winterfestivalbarcelona.com\/wp-content\/uploads\/2023\/06\/winterfestivalbarcelona.jpg","contentUrl":"https:\/\/winterfestivalbarcelona.com\/wp-content\/uploads\/2023\/06\/winterfestivalbarcelona.jpg","width":708,"height":259,"caption":"Winter Festival Barcelona"},"image":{"@id":"https:\/\/winterfestivalbarcelona.com\/it\/#\/schema\/logo\/image\/"}},{"@type":"Person","@id":"https:\/\/winterfestivalbarcelona.com\/it\/#\/schema\/person\/4853762921d9caee9aacff82af5e00be","name":"Marco_Skreenz","image":{"@type":"ImageObject","inLanguage":"it-IT","@id":"https:\/\/winterfestivalbarcelona.com\/it\/#\/schema\/person\/image\/","url":"https:\/\/secure.gravatar.com\/avatar\/f621210d3d4bdbf371ca83337f3ee7e8f5a821f02354012bc110b878013bb59a?s=96&d=mm&r=g","contentUrl":"https:\/\/secure.gravatar.com\/avatar\/f621210d3d4bdbf371ca83337f3ee7e8f5a821f02354012bc110b878013bb59a?s=96&d=mm&r=g","caption":"Marco_Skreenz"},"sameAs":["https:\/\/winterfestivalbarcelona.com"],"url":"https:\/\/winterfestivalbarcelona.com\/it\/author\/marco_skreenz\/"}]}},"_links":{"self":[{"href":"https:\/\/winterfestivalbarcelona.com\/it\/wp-json\/wp\/v2\/posts\/982","targetHints":{"allow":["GET"]}}],"collection":[{"href":"https:\/\/winterfestivalbarcelona.com\/it\/wp-json\/wp\/v2\/posts"}],"about":[{"href":"https:\/\/winterfestivalbarcelona.com\/it\/wp-json\/wp\/v2\/types\/post"}],"author":[{"embeddable":true,"href":"https:\/\/winterfestivalbarcelona.com\/it\/wp-json\/wp\/v2\/users\/1"}],"replies":[{"embeddable":true,"href":"https:\/\/winterfestivalbarcelona.com\/it\/wp-json\/wp\/v2\/comments?post=982"}],"version-history":[{"count":1,"href":"https:\/\/winterfestivalbarcelona.com\/it\/wp-json\/wp\/v2\/posts\/982\/revisions"}],"predecessor-version":[{"id":996,"href":"https:\/\/winterfestivalbarcelona.com\/it\/wp-json\/wp\/v2\/posts\/982\/revisions\/996"}],"wp:featuredmedia":[{"embeddable":true,"href":"https:\/\/winterfestivalbarcelona.com\/it\/wp-json\/wp\/v2\/media\/777"}],"wp:attachment":[{"href":"https:\/\/winterfestivalbarcelona.com\/it\/wp-json\/wp\/v2\/media?parent=982"}],"wp:term":[{"taxonomy":"category","embeddable":true,"href":"https:\/\/winterfestivalbarcelona.com\/it\/wp-json\/wp\/v2\/categories?post=982"},{"taxonomy":"post_tag","embeddable":true,"href":"https:\/\/winterfestivalbarcelona.com\/it\/wp-json\/wp\/v2\/tags?post=982"}],"curies":[{"name":"wp","href":"https:\/\/api.w.org\/{rel}","templated":true}]}}