{"id":953,"date":"2023-06-13T09:16:26","date_gmt":"2023-06-13T09:16:26","guid":{"rendered":"https:\/\/winterfestivalbarcelona.com\/sito-liberty-di-sant-pau\/"},"modified":"2023-07-11T07:01:28","modified_gmt":"2023-07-11T07:01:28","slug":"sito-liberty-di-sant-pau","status":"publish","type":"post","link":"https:\/\/winterfestivalbarcelona.com\/it\/sito-liberty-di-sant-pau\/","title":{"rendered":"Sito liberty di Sant Pau"},"content":{"rendered":"\n<p class=\"has-medium-font-size\">Immerso nella vibrante citt\u00e0 di Barcellona, il <strong>sito di Sant Pau Art Nouveau<\/strong>, ex Hospital de la Santa Creu i Sant Pau, \u00e8 un faro di bellezza architettonica e significato storico. Patrimonio dell&#8217;Umanit\u00e0 dell&#8217;UNESCO, il design suggestivo e la ricca storia di Sant Pau ne fanno una meta imperdibile, soprattutto durante la stagione invernale.<\/p>\n<div style=\"gap: 20px;\" class=\"align-button-left ub-buttons orientation-button-row ub-flex-wrap wp-block-ub-button\" id=\"ub-button-fe947fc3-0584-4540-92b0-7b95d585c998\"><div class=\"ub-button-container\">\n\t\t\t<a href=\"https:\/\/winterfestivalbarcelona.com\/recommends\/sant-pau-tickets-en\/\" target=\"_blank\" rel=\"noopener noreferrer\" class=\"ub-button-block-main   ub-button-flex\" role=\"button\" style=\"--ub-button-background-color: #000288; --ub-button-color: #ffffff; --ub-button-border: none; --ub-button-hover-background-color: #313131; --ub-button-hover-color: #ffffff; --ub-button-hover-border: none; padding-top: 10px; padding-right: 10px; padding-bottom: 10px; padding-left: 10px; border-radius: 10px; \">\n\t\t\t\t<div class=\"ub-button-content-holder\" style=\"flex-direction: row\">\n\t\t\t\t\t<span class=\"ub-button-icon-holder\">\n\t\t\t\t<svg xmlns=\"http:\/\/www.w3.org\/2000\/svg\" height=\"30\" width=\"30\" viewbox=\"0 0 512 512\">\n\t\t\t\t\t<path fill=\"currentColor\" d=\"M0 256a256 256 0 1 0 512 0A256 256 0 1 0 0 256zM241 377c-9.4 9.4-24.6 9.4-33.9 0s-9.4-24.6 0-33.9l87-87-87-87c-9.4-9.4-9.4-24.6 0-33.9s24.6-9.4 33.9 0L345 239c9.4 9.4 9.4 24.6 0 33.9L241 377z\">\n\t\t\t\t<\/path><\/svg>\n\t\t\t<\/span><span class=\"ub-button-block-btn\">Get your tickets<\/span>\n\t\t\t\t<\/div>\n\t\t\t<\/a>\n\t\t<\/div><\/div>\n<div data-tiqets-widget=\"discovery\" data-cards-layout=\"responsive\" data-slug-ids=\"pro1022061,pro1021172,pro1111427\" data-partner=\"winterfestivalbarcelona\"><\/div><script defer=\"defer\" src=\"https:\/\/widgets.tiqets.com\/loader.js\"><\/script>\n<div data-is_sticky=\"false\" data-sticky_toc_position=\"left\" data-hide_sticky_on_mobile=\"false\" data-sticky_button_icon='&lt;svg style=\"color:#000000;\" class=\"ub_sticky-toc-open-button-icon\" xmlns=\"http:\/\/www.w3.org\/2000\/svg\" height=\"34px\" width=\"34px\" viewBox=\"0, 0, 448, 512\"&gt;&lt;path fill=\"currentColor\" d=\"M0 96C0 78.33 14.33 64 32 64H416C433.7 64 448 78.33 448 96C448 113.7 433.7 128 416 128H32C14.33 128 0 113.7 0 96zM0 256C0 238.3 14.33 224 32 224H416C433.7 224 448 238.3 448 256C448 273.7 433.7 288 416 288H32C14.33 288 0 273.7 0 256zM416 448H32C14.33 448 0 433.7 0 416C0 398.3 14.33 384 32 384H416C433.7 384 448 398.3 448 416C448 433.7 433.7 448 416 448z\"&gt;&lt;\/svg&gt;' data-sticky_button_color=\"#000000\" data-sticky_toc_width=\"320px\" class=\"wp-block-ub-table-of-contents-block ub_table-of-contents\" id=\"ub_table-of-contents-5bdd1293-2592-4217-b1c5-8125662bd858\" data-linktodivider=\"false\" data-showtext=\"show\" data-hidetext=\"hide\" data-scrolltype=\"auto\" data-enablesmoothscroll=\"false\" data-initiallyhideonmobile=\"false\" data-initiallyshow=\"true\"><div class=\"ub_table-of-contents-header-container\" style=\"background-color: #000288; color: #ffffff; \">\n\t\t\t<div class=\"ub_table-of-contents-header\" style=\"text-align: left; \">\n\t\t\t\t<div class=\"ub_table-of-contents-title\"><strong>Sant Pau Art Nouveau Site<\/strong><\/div>\n\t\t\t\t\n\t\t\t<\/div>\n\t\t<\/div><div class=\"ub_table-of-contents-extra-container\" style=\"background-color: #ffffff; \">\n\t\t\t<div class=\"ub_table-of-contents-container ub_table-of-contents-1-column \">\n\t\t\t\t<ul style=\"\"><li style=\"\"><a href=\"https:\/\/winterfestivalbarcelona.com\/it\/sito-liberty-di-sant-pau\/#0-why-visit-sant-pau-art-nouveau-site-in-winter\" style=\"color: #000000; \">Why visit Sant Pau Art Nouveau Site in Winter?<\/a><\/li><li style=\"\"><a href=\"https:\/\/winterfestivalbarcelona.com\/it\/sito-liberty-di-sant-pau\/#1-light-festival-and-christmas-garden-at-sant-pau\" style=\"color: #000000; \">Light Festival and Christmas Garden at Sant Pau<\/a><\/li><li style=\"\"><a href=\"https:\/\/winterfestivalbarcelona.com\/it\/sito-liberty-di-sant-pau\/#2-prices-and-tickets\" style=\"color: #000000; \">Prices and tickets<\/a><\/li><li style=\"\"><a href=\"https:\/\/winterfestivalbarcelona.com\/it\/sito-liberty-di-sant-pau\/#3-opening-hours\" style=\"color: #000000; \">Opening hours<\/a><\/li><li style=\"\"><a href=\"https:\/\/winterfestivalbarcelona.com\/it\/sito-liberty-di-sant-pau\/#4-getting-to-sant-pau-art-nouveau-site-\" style=\"color: #000000; \">Getting to Sant Pau Art Nouveau Site<\/a><\/li><\/ul>\n\t\t\t<\/div>\n\t\t<\/div><\/div>\n<h2 class=\"wp-block-heading\" id=\"0-why-visit-sant-pau-art-nouveau-site-in-winter\">Perch\u00e9 visitare il sito liberty di Sant Pau in inverno?<\/h2>\n\n<p>Visitare Sant Pau in inverno offre una prospettiva unica di questo gioiello architettonico. Il freddo nell&#8217;aria aggiunge un tocco di magia alle facciate intricate e ai mosaici colorati degli edifici modernisti, creando un&#8217;atmosfera davvero indimenticabile. La minore affluenza di pubblico in questo periodo dell&#8217;anno offre anche un&#8217;esperienza pi\u00f9 personale e piacevole.<\/p>\n\n<p>All&#8217;interno dei padiglioni \u00e8 possibile esplorare l&#8217;evoluzione della medicina, la storia dell&#8217;ospedale e il suo ruolo significativo nello sviluppo della citt\u00e0. Ogni edificio, progettato dal famoso architetto catalano Llu\u00eds Dom\u00e8nech i Montaner, \u00e8 un&#8217;opera d&#8217;arte in s\u00e9.<\/p>\n\n<h2 class=\"wp-block-heading\" id=\"1-light-festival-and-christmas-garden-at-sant-pau\">Festa delle luci e giardino di Natale a Sant Pau<\/h2>\n\n<p>Dal 25 novembre 2023 al 14 gennaio 2024, Sant Pau si trasforma in un epicentro di festa con il<a href=\"https:\/\/winterfestivalbarcelona.com\/event\/light-festival-barcelona-at-sant-pau\/\">&#8220;Light Festival and Christmas Garden<\/a>&#8220;. Il parco storico dell&#8217;ospedale si trasforma in un affascinante paese delle meraviglie, illuminato da spettacolari installazioni luminose che danno vita all&#8217;architettura in modi nuovi e sorprendenti.<\/p>\n\n<p>Il Giardino di Natale offre un&#8217;esperienza unica all&#8217;aperto, con spazi splendidamente decorati che racchiudono lo spirito della stagione. \u00c8 possibile passeggiare in questi ambienti magici, partecipare alle attivit\u00e0 di festa e gustare le specialit\u00e0 culinarie locali presso i vari stand gastronomici.<\/p>\n\n<h2 class=\"wp-block-heading\" id=\"2-prices-and-tickets\">Prezzi e biglietti<\/h2>\n\n<p>Per visitare il sito di Sant Pau Art Nouveau \u00e8 necessario un biglietto. Il prezzo del biglietto dipende dall&#8217;et\u00e0 del visitatore. Nota! Se si desidera visitare il <a href=\"https:\/\/winterfestivalbarcelona.com\/event\/light-festival-barcelona-at-sant-pau\/\">Light Festival Christmas Garden<\/a>, \u00e8 necessario un biglietto separato.<\/p>\n\n<figure class=\"wp-block-table\"><table><thead><tr><th class=\"has-text-align-left\" data-align=\"left\">Biglietti per il sito di Sant Pau Art Nouveau<\/th><th class=\"has-text-align-right\" data-align=\"right\">Prezzo<\/th><th><\/th><\/tr><\/thead><tbody><tr><td class=\"has-text-align-left\" data-align=\"left\">Adulti (30-64)<\/td><td class=\"has-text-align-right\" data-align=\"right\">\u20ac 16.00<\/td><td><a class=\"thirstylink\" rel=\"nofollow\" target=\"_blank\" title=\"Sant Pau Tickets EN\" href=\"https:\/\/winterfestivalbarcelona.com\/recommends\/sant-pau-tickets-en\/\" data-shortcode=\"true\">Prenota ora<\/a><\/td><\/tr><tr><td class=\"has-text-align-left\" data-align=\"left\">Bambino (12-29)<\/td><td class=\"has-text-align-right\" data-align=\"right\">\u20ac 11.20<\/td><td><a href=\"https:\/\/winterfestivalbarcelona.com\/recommends\/sant-pau-tickets-en\/\">Prenota ora<\/a><\/td><\/tr><tr><td class=\"has-text-align-left\" data-align=\"left\">Bambino (0-11)<\/td><td class=\"has-text-align-right\" data-align=\"right\">Gratuito<\/td><td><a href=\"https:\/\/winterfestivalbarcelona.com\/recommends\/sant-pau-tickets-en\/\">Prenota ora<\/a><\/td><\/tr><tr><td class=\"has-text-align-left\" data-align=\"left\">Senior (65+)<\/td><td class=\"has-text-align-right\" data-align=\"right\">\u20ac 11,20<\/td><td><a href=\"https:\/\/winterfestivalbarcelona.com\/recommends\/sant-pau-tickets-en\/\">Prenota ora<\/a><\/td><\/tr><\/tbody><\/table><\/figure>\n\n<div data-tiqets-widget=\"availability\" data-layout=\"full\" data-product-id=\"974414\" data-partner=\"winterfestivalbarcelona\"><\/div><script defer=\"defer\" src=\"https:\/\/widgets.tiqets.com\/loader.js\"><\/script>\n\n<h2 class=\"wp-block-heading\" id=\"3-opening-hours\">Orari di apertura<\/h2>\n\n<figure class=\"wp-block-table\"><table><thead><tr><th class=\"has-text-align-left\" data-align=\"left\">Sito liberty di Sant Pau<\/th><th class=\"has-text-align-left\" data-align=\"left\">Orari di apertura<\/th><\/tr><\/thead><tbody><tr><td class=\"has-text-align-left\" data-align=\"left\">Luned\u00ec<\/td><td class=\"has-text-align-left\" data-align=\"left\">Dalle 10.00 alle 18.30<\/td><\/tr><tr><td class=\"has-text-align-left\" data-align=\"left\">Marted\u00ec<\/td><td class=\"has-text-align-left\" data-align=\"left\">Dalle 10.00 alle 18.30<\/td><\/tr><tr><td class=\"has-text-align-left\" data-align=\"left\">Mercoled\u00ec<\/td><td class=\"has-text-align-left\" data-align=\"left\">Dalle 10.00 alle 18.30<\/td><\/tr><tr><td class=\"has-text-align-left\" data-align=\"left\">Gioved\u00ec<\/td><td class=\"has-text-align-left\" data-align=\"left\">Dalle 10.00 alle 18.30<\/td><\/tr><tr><td class=\"has-text-align-left\" data-align=\"left\">Venerd\u00ec<\/td><td class=\"has-text-align-left\" data-align=\"left\">Dalle 10.00 alle 18.30<\/td><\/tr><tr><td class=\"has-text-align-left\" data-align=\"left\">Sabato<\/td><td class=\"has-text-align-left\" data-align=\"left\">Dalle 10.00 alle 18.30<\/td><\/tr><tr><td class=\"has-text-align-left\" data-align=\"left\">Domenica<\/td><td class=\"has-text-align-left\" data-align=\"left\">Dalle 10.00 alle 18.30<\/td><\/tr><\/tbody><\/table><\/figure>\n\n<h2 class=\"wp-block-heading\" id=\"4-getting-to-sant-pau-art-nouveau-site-\"><strong>Come raggiungere il sito di Sant Pau Art Nouveau<\/strong><\/h2>\n\n<p>Raggiungere il sito di Sant Pau Art Nouveau \u00e8 facile e conveniente.<\/p>\n\n<p><strong>In metropolitana<\/strong>: la fermata della metropolitana pi\u00f9 vicina \u00e8 Sant Pau | Dos de Maig, servita dalla L5 (linea blu). Da l\u00ec, il sito \u00e8 raggiungibile a piedi.<\/p>\n\n<p><strong>In autobus<\/strong>: Ci sono diverse linee di autobus, tra cui 19, 20, 45, 47, 50, 51 e 117, che fermano vicino al sito.<\/p>\n\n<p><strong>In bicicletta<\/strong>: Barcellona \u00e8 una citt\u00e0 ciclabile, con ampie piste ciclabili. Per raggiungere Sant Pau si pu\u00f2 fare un giro panoramico per le strade della citt\u00e0.<\/p>\n\n<p><strong>A piedi<\/strong>: Se soggiornate nelle vicinanze o avete voglia di fare una passeggiata pi\u00f9 lunga, Sant Pau si trova a circa 20 minuti a piedi dall&#8217;iconica Sagrada Familia.<\/p>\n\n<div data-tiqets-widget=\"discovery\" data-cards-layout=\"responsive\" data-content-type=\"product\" data-item_count=\"3\" data-destination-type=\"city\" data-destination-id=\"66342\" data-partner=\"winterfestivalbarcelona\"><\/div><script defer=\"defer\" src=\"https:\/\/widgets.tiqets.com\/loader.js\"><\/script>\n","protected":false},"excerpt":{"rendered":"<p>Il sito Art Nouveau di Sant Pau offre una miscela unica di storia, architettura e allegria festosa, che lo rende una destinazione invernale ideale a Barcellona.<\/p>\n","protected":false},"author":1,"featured_media":747,"comment_status":"open","ping_status":"open","sticky":false,"template":"","format":"standard","meta":{"_tec_requires_first_save":true,"_EventAllDay":false,"_EventTimezone":"","_EventStartDate":"","_EventEndDate":"","_EventStartDateUTC":"","_EventEndDateUTC":"","_EventShowMap":false,"_EventShowMapLink":false,"_EventURL":"","_EventCost":"","_EventCostDescription":"","_EventCurrencySymbol":"","_EventCurrencyCode":"","_EventCurrencyPosition":"","_EventDateTimeSeparator":"","_EventTimeRangeSeparator":"","_EventOrganizerID":[],"_EventVenueID":[],"_OrganizerEmail":"","_OrganizerPhone":"","_OrganizerWebsite":"","_VenueAddress":"","_VenueCity":"","_VenueCountry":"","_VenueProvince":"","_VenueState":"","_VenueZip":"","_VenuePhone":"","_VenueURL":"","_VenueStateProvince":"","_VenueLat":"","_VenueLng":"","_VenueShowMap":false,"_VenueShowMapLink":false,"_tribe_blocks_recurrence_rules":"","_tribe_blocks_recurrence_description":"","_tribe_blocks_recurrence_exclusions":"","footnotes":""},"categories":[44],"tags":[],"class_list":["post-953","post","type-post","status-publish","format-standard","has-post-thumbnail","hentry","category-punti-salienti"],"featured_image_src":"https:\/\/winterfestivalbarcelona.com\/wp-content\/uploads\/2023\/06\/Sant-Pau-Art-Nouveau-Site-scaled.jpg","author_info":{"display_name":"Marco_Skreenz","author_link":"https:\/\/winterfestivalbarcelona.com\/it\/author\/marco_skreenz\/"},"yoast_head":"<!-- This site is optimized with the Yoast SEO plugin v26.6 - https:\/\/yoast.com\/wordpress\/plugins\/seo\/ -->\n<title>Sito liberty di Sant Pau - Winter Festival Barcelona<\/title>\n<meta name=\"robots\" content=\"index, follow, max-snippet:-1, max-image-preview:large, max-video-preview:-1\" \/>\n<link rel=\"canonical\" href=\"https:\/\/winterfestivalbarcelona.com\/it\/sito-liberty-di-sant-pau\/\" \/>\n<meta property=\"og:locale\" content=\"it_IT\" \/>\n<meta property=\"og:type\" content=\"article\" \/>\n<meta property=\"og:title\" content=\"Sito liberty di Sant Pau - Winter Festival Barcelona\" \/>\n<meta property=\"og:description\" content=\"Il sito Art Nouveau di Sant Pau offre una miscela unica di storia, architettura e allegria festosa, che lo rende una destinazione invernale ideale a Barcellona.\" \/>\n<meta property=\"og:url\" content=\"https:\/\/winterfestivalbarcelona.com\/it\/sito-liberty-di-sant-pau\/\" \/>\n<meta property=\"og:site_name\" content=\"Winter Festival Barcelona\" \/>\n<meta property=\"article:published_time\" content=\"2023-06-13T09:16:26+00:00\" \/>\n<meta property=\"article:modified_time\" content=\"2023-07-11T07:01:28+00:00\" \/>\n<meta property=\"og:image\" content=\"https:\/\/winterfestivalbarcelona.com\/wp-content\/uploads\/2023\/06\/Sant-Pau-Art-Nouveau-Site-scaled.jpg\" \/>\n\t<meta property=\"og:image:width\" content=\"2560\" \/>\n\t<meta property=\"og:image:height\" content=\"1739\" \/>\n\t<meta property=\"og:image:type\" content=\"image\/jpeg\" \/>\n<meta name=\"author\" content=\"Marco_Skreenz\" \/>\n<meta name=\"twitter:card\" content=\"summary_large_image\" \/>\n<meta name=\"twitter:label1\" content=\"Scritto da\" \/>\n\t<meta name=\"twitter:data1\" content=\"Marco_Skreenz\" \/>\n\t<meta name=\"twitter:label2\" content=\"Tempo di lettura stimato\" \/>\n\t<meta name=\"twitter:data2\" content=\"2 minuti\" \/>\n<script type=\"application\/ld+json\" class=\"yoast-schema-graph\">{\"@context\":\"https:\/\/schema.org\",\"@graph\":[{\"@type\":\"Article\",\"@id\":\"https:\/\/winterfestivalbarcelona.com\/it\/sito-liberty-di-sant-pau\/#article\",\"isPartOf\":{\"@id\":\"https:\/\/winterfestivalbarcelona.com\/it\/sito-liberty-di-sant-pau\/\"},\"author\":{\"name\":\"Marco_Skreenz\",\"@id\":\"https:\/\/winterfestivalbarcelona.com\/it\/#\/schema\/person\/4853762921d9caee9aacff82af5e00be\"},\"headline\":\"Sito liberty di Sant Pau\",\"datePublished\":\"2023-06-13T09:16:26+00:00\",\"dateModified\":\"2023-07-11T07:01:28+00:00\",\"mainEntityOfPage\":{\"@id\":\"https:\/\/winterfestivalbarcelona.com\/it\/sito-liberty-di-sant-pau\/\"},\"wordCount\":477,\"commentCount\":0,\"publisher\":{\"@id\":\"https:\/\/winterfestivalbarcelona.com\/it\/#organization\"},\"image\":{\"@id\":\"https:\/\/winterfestivalbarcelona.com\/it\/sito-liberty-di-sant-pau\/#primaryimage\"},\"thumbnailUrl\":\"https:\/\/winterfestivalbarcelona.com\/wp-content\/uploads\/2023\/06\/Sant-Pau-Art-Nouveau-Site-scaled.jpg\",\"articleSection\":[\"Punti salienti\"],\"inLanguage\":\"it-IT\",\"potentialAction\":[{\"@type\":\"CommentAction\",\"name\":\"Comment\",\"target\":[\"https:\/\/winterfestivalbarcelona.com\/it\/sito-liberty-di-sant-pau\/#respond\"]}]},{\"@type\":\"WebPage\",\"@id\":\"https:\/\/winterfestivalbarcelona.com\/it\/sito-liberty-di-sant-pau\/\",\"url\":\"https:\/\/winterfestivalbarcelona.com\/it\/sito-liberty-di-sant-pau\/\",\"name\":\"Sito liberty di Sant Pau - Winter Festival Barcelona\",\"isPartOf\":{\"@id\":\"https:\/\/winterfestivalbarcelona.com\/it\/#website\"},\"primaryImageOfPage\":{\"@id\":\"https:\/\/winterfestivalbarcelona.com\/it\/sito-liberty-di-sant-pau\/#primaryimage\"},\"image\":{\"@id\":\"https:\/\/winterfestivalbarcelona.com\/it\/sito-liberty-di-sant-pau\/#primaryimage\"},\"thumbnailUrl\":\"https:\/\/winterfestivalbarcelona.com\/wp-content\/uploads\/2023\/06\/Sant-Pau-Art-Nouveau-Site-scaled.jpg\",\"datePublished\":\"2023-06-13T09:16:26+00:00\",\"dateModified\":\"2023-07-11T07:01:28+00:00\",\"breadcrumb\":{\"@id\":\"https:\/\/winterfestivalbarcelona.com\/it\/sito-liberty-di-sant-pau\/#breadcrumb\"},\"inLanguage\":\"it-IT\",\"potentialAction\":[{\"@type\":\"ReadAction\",\"target\":[\"https:\/\/winterfestivalbarcelona.com\/it\/sito-liberty-di-sant-pau\/\"]}]},{\"@type\":\"ImageObject\",\"inLanguage\":\"it-IT\",\"@id\":\"https:\/\/winterfestivalbarcelona.com\/it\/sito-liberty-di-sant-pau\/#primaryimage\",\"url\":\"https:\/\/winterfestivalbarcelona.com\/wp-content\/uploads\/2023\/06\/Sant-Pau-Art-Nouveau-Site-scaled.jpg\",\"contentUrl\":\"https:\/\/winterfestivalbarcelona.com\/wp-content\/uploads\/2023\/06\/Sant-Pau-Art-Nouveau-Site-scaled.jpg\",\"width\":2560,\"height\":1739,\"caption\":\"Sant Pau Art Nouveau Site\"},{\"@type\":\"BreadcrumbList\",\"@id\":\"https:\/\/winterfestivalbarcelona.com\/it\/sito-liberty-di-sant-pau\/#breadcrumb\",\"itemListElement\":[{\"@type\":\"ListItem\",\"position\":1,\"name\":\"Home\",\"item\":\"https:\/\/winterfestivalbarcelona.com\/it\/\"},{\"@type\":\"ListItem\",\"position\":2,\"name\":\"Sito liberty di Sant Pau\"}]},{\"@type\":\"WebSite\",\"@id\":\"https:\/\/winterfestivalbarcelona.com\/it\/#website\",\"url\":\"https:\/\/winterfestivalbarcelona.com\/it\/\",\"name\":\"Winter Festival Barcelona\",\"description\":\"Enjoy the most wonderful time of the year in Barcelona\",\"publisher\":{\"@id\":\"https:\/\/winterfestivalbarcelona.com\/it\/#organization\"},\"potentialAction\":[{\"@type\":\"SearchAction\",\"target\":{\"@type\":\"EntryPoint\",\"urlTemplate\":\"https:\/\/winterfestivalbarcelona.com\/it\/?s={search_term_string}\"},\"query-input\":{\"@type\":\"PropertyValueSpecification\",\"valueRequired\":true,\"valueName\":\"search_term_string\"}}],\"inLanguage\":\"it-IT\"},{\"@type\":\"Organization\",\"@id\":\"https:\/\/winterfestivalbarcelona.com\/it\/#organization\",\"name\":\"Winter Festival Barcelona\",\"url\":\"https:\/\/winterfestivalbarcelona.com\/it\/\",\"logo\":{\"@type\":\"ImageObject\",\"inLanguage\":\"it-IT\",\"@id\":\"https:\/\/winterfestivalbarcelona.com\/it\/#\/schema\/logo\/image\/\",\"url\":\"https:\/\/winterfestivalbarcelona.com\/wp-content\/uploads\/2023\/06\/winterfestivalbarcelona.jpg\",\"contentUrl\":\"https:\/\/winterfestivalbarcelona.com\/wp-content\/uploads\/2023\/06\/winterfestivalbarcelona.jpg\",\"width\":708,\"height\":259,\"caption\":\"Winter Festival Barcelona\"},\"image\":{\"@id\":\"https:\/\/winterfestivalbarcelona.com\/it\/#\/schema\/logo\/image\/\"}},{\"@type\":\"Person\",\"@id\":\"https:\/\/winterfestivalbarcelona.com\/it\/#\/schema\/person\/4853762921d9caee9aacff82af5e00be\",\"name\":\"Marco_Skreenz\",\"image\":{\"@type\":\"ImageObject\",\"inLanguage\":\"it-IT\",\"@id\":\"https:\/\/winterfestivalbarcelona.com\/it\/#\/schema\/person\/image\/\",\"url\":\"https:\/\/secure.gravatar.com\/avatar\/f621210d3d4bdbf371ca83337f3ee7e8f5a821f02354012bc110b878013bb59a?s=96&d=mm&r=g\",\"contentUrl\":\"https:\/\/secure.gravatar.com\/avatar\/f621210d3d4bdbf371ca83337f3ee7e8f5a821f02354012bc110b878013bb59a?s=96&d=mm&r=g\",\"caption\":\"Marco_Skreenz\"},\"sameAs\":[\"https:\/\/winterfestivalbarcelona.com\"],\"url\":\"https:\/\/winterfestivalbarcelona.com\/it\/author\/marco_skreenz\/\"}]}<\/script>\n<!-- \/ Yoast SEO plugin. -->","yoast_head_json":{"title":"Sito liberty di Sant Pau - Winter Festival Barcelona","robots":{"index":"index","follow":"follow","max-snippet":"max-snippet:-1","max-image-preview":"max-image-preview:large","max-video-preview":"max-video-preview:-1"},"canonical":"https:\/\/winterfestivalbarcelona.com\/it\/sito-liberty-di-sant-pau\/","og_locale":"it_IT","og_type":"article","og_title":"Sito liberty di Sant Pau - Winter Festival Barcelona","og_description":"Il sito Art Nouveau di Sant Pau offre una miscela unica di storia, architettura e allegria festosa, che lo rende una destinazione invernale ideale a Barcellona.","og_url":"https:\/\/winterfestivalbarcelona.com\/it\/sito-liberty-di-sant-pau\/","og_site_name":"Winter Festival Barcelona","article_published_time":"2023-06-13T09:16:26+00:00","article_modified_time":"2023-07-11T07:01:28+00:00","og_image":[{"width":2560,"height":1739,"url":"https:\/\/winterfestivalbarcelona.com\/wp-content\/uploads\/2023\/06\/Sant-Pau-Art-Nouveau-Site-scaled.jpg","type":"image\/jpeg"}],"author":"Marco_Skreenz","twitter_card":"summary_large_image","twitter_misc":{"Scritto da":"Marco_Skreenz","Tempo di lettura stimato":"2 minuti"},"schema":{"@context":"https:\/\/schema.org","@graph":[{"@type":"Article","@id":"https:\/\/winterfestivalbarcelona.com\/it\/sito-liberty-di-sant-pau\/#article","isPartOf":{"@id":"https:\/\/winterfestivalbarcelona.com\/it\/sito-liberty-di-sant-pau\/"},"author":{"name":"Marco_Skreenz","@id":"https:\/\/winterfestivalbarcelona.com\/it\/#\/schema\/person\/4853762921d9caee9aacff82af5e00be"},"headline":"Sito liberty di Sant Pau","datePublished":"2023-06-13T09:16:26+00:00","dateModified":"2023-07-11T07:01:28+00:00","mainEntityOfPage":{"@id":"https:\/\/winterfestivalbarcelona.com\/it\/sito-liberty-di-sant-pau\/"},"wordCount":477,"commentCount":0,"publisher":{"@id":"https:\/\/winterfestivalbarcelona.com\/it\/#organization"},"image":{"@id":"https:\/\/winterfestivalbarcelona.com\/it\/sito-liberty-di-sant-pau\/#primaryimage"},"thumbnailUrl":"https:\/\/winterfestivalbarcelona.com\/wp-content\/uploads\/2023\/06\/Sant-Pau-Art-Nouveau-Site-scaled.jpg","articleSection":["Punti salienti"],"inLanguage":"it-IT","potentialAction":[{"@type":"CommentAction","name":"Comment","target":["https:\/\/winterfestivalbarcelona.com\/it\/sito-liberty-di-sant-pau\/#respond"]}]},{"@type":"WebPage","@id":"https:\/\/winterfestivalbarcelona.com\/it\/sito-liberty-di-sant-pau\/","url":"https:\/\/winterfestivalbarcelona.com\/it\/sito-liberty-di-sant-pau\/","name":"Sito liberty di Sant Pau - Winter Festival Barcelona","isPartOf":{"@id":"https:\/\/winterfestivalbarcelona.com\/it\/#website"},"primaryImageOfPage":{"@id":"https:\/\/winterfestivalbarcelona.com\/it\/sito-liberty-di-sant-pau\/#primaryimage"},"image":{"@id":"https:\/\/winterfestivalbarcelona.com\/it\/sito-liberty-di-sant-pau\/#primaryimage"},"thumbnailUrl":"https:\/\/winterfestivalbarcelona.com\/wp-content\/uploads\/2023\/06\/Sant-Pau-Art-Nouveau-Site-scaled.jpg","datePublished":"2023-06-13T09:16:26+00:00","dateModified":"2023-07-11T07:01:28+00:00","breadcrumb":{"@id":"https:\/\/winterfestivalbarcelona.com\/it\/sito-liberty-di-sant-pau\/#breadcrumb"},"inLanguage":"it-IT","potentialAction":[{"@type":"ReadAction","target":["https:\/\/winterfestivalbarcelona.com\/it\/sito-liberty-di-sant-pau\/"]}]},{"@type":"ImageObject","inLanguage":"it-IT","@id":"https:\/\/winterfestivalbarcelona.com\/it\/sito-liberty-di-sant-pau\/#primaryimage","url":"https:\/\/winterfestivalbarcelona.com\/wp-content\/uploads\/2023\/06\/Sant-Pau-Art-Nouveau-Site-scaled.jpg","contentUrl":"https:\/\/winterfestivalbarcelona.com\/wp-content\/uploads\/2023\/06\/Sant-Pau-Art-Nouveau-Site-scaled.jpg","width":2560,"height":1739,"caption":"Sant Pau Art Nouveau Site"},{"@type":"BreadcrumbList","@id":"https:\/\/winterfestivalbarcelona.com\/it\/sito-liberty-di-sant-pau\/#breadcrumb","itemListElement":[{"@type":"ListItem","position":1,"name":"Home","item":"https:\/\/winterfestivalbarcelona.com\/it\/"},{"@type":"ListItem","position":2,"name":"Sito liberty di Sant Pau"}]},{"@type":"WebSite","@id":"https:\/\/winterfestivalbarcelona.com\/it\/#website","url":"https:\/\/winterfestivalbarcelona.com\/it\/","name":"Winter Festival Barcelona","description":"Enjoy the most wonderful time of the year in Barcelona","publisher":{"@id":"https:\/\/winterfestivalbarcelona.com\/it\/#organization"},"potentialAction":[{"@type":"SearchAction","target":{"@type":"EntryPoint","urlTemplate":"https:\/\/winterfestivalbarcelona.com\/it\/?s={search_term_string}"},"query-input":{"@type":"PropertyValueSpecification","valueRequired":true,"valueName":"search_term_string"}}],"inLanguage":"it-IT"},{"@type":"Organization","@id":"https:\/\/winterfestivalbarcelona.com\/it\/#organization","name":"Winter Festival Barcelona","url":"https:\/\/winterfestivalbarcelona.com\/it\/","logo":{"@type":"ImageObject","inLanguage":"it-IT","@id":"https:\/\/winterfestivalbarcelona.com\/it\/#\/schema\/logo\/image\/","url":"https:\/\/winterfestivalbarcelona.com\/wp-content\/uploads\/2023\/06\/winterfestivalbarcelona.jpg","contentUrl":"https:\/\/winterfestivalbarcelona.com\/wp-content\/uploads\/2023\/06\/winterfestivalbarcelona.jpg","width":708,"height":259,"caption":"Winter Festival Barcelona"},"image":{"@id":"https:\/\/winterfestivalbarcelona.com\/it\/#\/schema\/logo\/image\/"}},{"@type":"Person","@id":"https:\/\/winterfestivalbarcelona.com\/it\/#\/schema\/person\/4853762921d9caee9aacff82af5e00be","name":"Marco_Skreenz","image":{"@type":"ImageObject","inLanguage":"it-IT","@id":"https:\/\/winterfestivalbarcelona.com\/it\/#\/schema\/person\/image\/","url":"https:\/\/secure.gravatar.com\/avatar\/f621210d3d4bdbf371ca83337f3ee7e8f5a821f02354012bc110b878013bb59a?s=96&d=mm&r=g","contentUrl":"https:\/\/secure.gravatar.com\/avatar\/f621210d3d4bdbf371ca83337f3ee7e8f5a821f02354012bc110b878013bb59a?s=96&d=mm&r=g","caption":"Marco_Skreenz"},"sameAs":["https:\/\/winterfestivalbarcelona.com"],"url":"https:\/\/winterfestivalbarcelona.com\/it\/author\/marco_skreenz\/"}]}},"_links":{"self":[{"href":"https:\/\/winterfestivalbarcelona.com\/it\/wp-json\/wp\/v2\/posts\/953","targetHints":{"allow":["GET"]}}],"collection":[{"href":"https:\/\/winterfestivalbarcelona.com\/it\/wp-json\/wp\/v2\/posts"}],"about":[{"href":"https:\/\/winterfestivalbarcelona.com\/it\/wp-json\/wp\/v2\/types\/post"}],"author":[{"embeddable":true,"href":"https:\/\/winterfestivalbarcelona.com\/it\/wp-json\/wp\/v2\/users\/1"}],"replies":[{"embeddable":true,"href":"https:\/\/winterfestivalbarcelona.com\/it\/wp-json\/wp\/v2\/comments?post=953"}],"version-history":[{"count":1,"href":"https:\/\/winterfestivalbarcelona.com\/it\/wp-json\/wp\/v2\/posts\/953\/revisions"}],"predecessor-version":[{"id":966,"href":"https:\/\/winterfestivalbarcelona.com\/it\/wp-json\/wp\/v2\/posts\/953\/revisions\/966"}],"wp:featuredmedia":[{"embeddable":true,"href":"https:\/\/winterfestivalbarcelona.com\/it\/wp-json\/wp\/v2\/media\/747"}],"wp:attachment":[{"href":"https:\/\/winterfestivalbarcelona.com\/it\/wp-json\/wp\/v2\/media?parent=953"}],"wp:term":[{"taxonomy":"category","embeddable":true,"href":"https:\/\/winterfestivalbarcelona.com\/it\/wp-json\/wp\/v2\/categories?post=953"},{"taxonomy":"post_tag","embeddable":true,"href":"https:\/\/winterfestivalbarcelona.com\/it\/wp-json\/wp\/v2\/tags?post=953"}],"curies":[{"name":"wp","href":"https:\/\/api.w.org\/{rel}","templated":true}]}}