{"id":1406,"date":"2023-06-07T13:32:24","date_gmt":"2023-06-07T13:32:24","guid":{"rendered":"https:\/\/winterfestivalbarcelona.com\/reserve-con-antelacion-sus-entradas-para-el-festival-de-invierno-de-barcelona\/"},"modified":"2023-07-11T17:45:59","modified_gmt":"2023-07-11T17:45:59","slug":"reserve-con-antelacion-sus-entradas-para-el-festival-de-invierno-de-barcelona","status":"publish","type":"post","link":"https:\/\/winterfestivalbarcelona.com\/es\/reserve-con-antelacion-sus-entradas-para-el-festival-de-invierno-de-barcelona\/","title":{"rendered":"Reserve con antelaci\u00f3n sus entradas para el Festival de Invierno de Barcelona"},"content":{"rendered":"\n<p class=\"has-medium-font-size\">Asegurar sus <strong>billetes de avi\u00f3n a Barcelona<\/strong> con antelaci\u00f3n es crucial para una experiencia de viaje agradable y sin contratiempos. Debido al gran volumen de visitantes y a la necesidad de franjas horarias de entrada, las atracciones suelen agotarse r\u00e1pidamente. Si reserva con antelaci\u00f3n, no se perder\u00e1 lugares tan importantes como <a href=\"https:\/\/winterfestivalbarcelona.com\/es\/catedral-de-la-sagrada-familia\/\">la Sagrada Familia<\/a>, <a href=\"https:\/\/winterfestivalbarcelona.com\/es\/parque-guell\/\">el Park G\u00fcell<\/a> o <a href=\"https:\/\/winterfestivalbarcelona.com\/event\/light-festival-barcelona-at-sant-pau\/\">el Festival de la Luz de Sant Pau<\/a>. Le permitir\u00e1 <strong>planificar su itinerario con eficacia<\/strong>, evitar decepciones y <strong>aprovechar al m\u00e1ximo su tiempo explorando esta hermosa ciudad.<\/strong> As\u00ed que no se demore: compre sus entradas hoy mismo para disfrutar de una aventura sin contratiempos en el Festival de Invierno de Barcelona.<\/p>\n\n\n<div data-is_sticky=\"false\" data-sticky_toc_position=\"left\" data-hide_sticky_on_mobile=\"false\" data-sticky_button_icon='&lt;svg style=\"color:#000000;\" class=\"ub_sticky-toc-open-button-icon\" xmlns=\"http:\/\/www.w3.org\/2000\/svg\" height=\"34px\" width=\"34px\" viewBox=\"0, 0, 448, 512\"&gt;&lt;path fill=\"currentColor\" d=\"M0 96C0 78.33 14.33 64 32 64H416C433.7 64 448 78.33 448 96C448 113.7 433.7 128 416 128H32C14.33 128 0 113.7 0 96zM0 256C0 238.3 14.33 224 32 224H416C433.7 224 448 238.3 448 256C448 273.7 433.7 288 416 288H32C14.33 288 0 273.7 0 256zM416 448H32C14.33 448 0 433.7 0 416C0 398.3 14.33 384 32 384H416C433.7 384 448 398.3 448 416C448 433.7 433.7 448 416 448z\"&gt;&lt;\/svg&gt;' data-sticky_button_color=\"#000000\" data-sticky_toc_width=\"320px\" class=\"wp-block-ub-table-of-contents-block ub_table-of-contents\" id=\"ub_table-of-contents-aad39210-f0ac-42d9-b8c7-3389e496e2ed\" data-linktodivider=\"false\" data-showtext=\"show\" data-hidetext=\"hide\" data-scrolltype=\"auto\" data-enablesmoothscroll=\"false\" data-initiallyhideonmobile=\"false\" data-initiallyshow=\"true\"><div class=\"ub_table-of-contents-header-container\" style=\"background-color: #000288; color: #ffffff; \">\n\t\t\t<div class=\"ub_table-of-contents-header\" style=\"text-align: left; \">\n\t\t\t\t<div class=\"ub_table-of-contents-title\"><strong>Reserve sus billetes en Barcelona con antelaci\u00f3n<\/strong><\/div>\n\t\t\t\t\n\t\t\t<\/div>\n\t\t<\/div><div class=\"ub_table-of-contents-extra-container\" style=\"background-color: #ffffff; \">\n\t\t\t<div class=\"ub_table-of-contents-container ub_table-of-contents-1-column \">\n\t\t\t\t<ul style=\"\"><li style=\"\"><a href=\"https:\/\/winterfestivalbarcelona.com\/es\/reserve-con-antelacion-sus-entradas-para-el-festival-de-invierno-de-barcelona\/#0-entradas-para-las-atracciones-y-actividades-m%C3%A1s-populares-de-barcelona\" style=\"color: #000000; \">Entradas para las atracciones y actividades m\u00e1s populares de Barcelona<\/a><\/li><li style=\"\"><a href=\"https:\/\/winterfestivalbarcelona.com\/es\/reserve-con-antelacion-sus-entradas-para-el-festival-de-invierno-de-barcelona\/#1-reserve-f%C3%A1cilmente-sus-billetes-de-grupo-en-barcelona\" style=\"color: #000000; \">Reserve f\u00e1cilmente sus billetes de grupo en Barcelona<\/a><\/li><li style=\"\"><a href=\"https:\/\/winterfestivalbarcelona.com\/es\/reserve-con-antelacion-sus-entradas-para-el-festival-de-invierno-de-barcelona\/#2-ahorre-dinero-y-molestias-con-una-de-las-barcelona-city-cards\" style=\"color: #000000; \">Ahorre dinero y molestias con una de las Barcelona city cards<\/a><\/li><li style=\"\"><a href=\"https:\/\/winterfestivalbarcelona.com\/es\/reserve-con-antelacion-sus-entradas-para-el-festival-de-invierno-de-barcelona\/#3-reserve-a-tiempo-su-hotel-en-barcelona\" style=\"color: #000000; \">Reserve a tiempo su hotel en Barcelona<\/a><\/li><\/ul>\n\t\t\t<\/div>\n\t\t<\/div><\/div>\n\n\n<h2 class=\"wp-block-heading\" id=\"0-entradas-para-las-atracciones-y-actividades-m%C3%A1s-populares-de-barcelona\">Entradas para las atracciones y actividades m\u00e1s populares de Barcelona<\/h2>\n\n\n\n<p>Aunque Barcelona es un poco m\u00e1s tranquila durante el Festival de Invierno que en verano, muchas atracciones populares siguen agotando sus entradas. Esto se debe principalmente a que estas atracciones funcionan con entradas de un d\u00eda y una hora de llegada concreta. Por lo tanto, las entradas no est\u00e1n disponibles en taquilla. A continuaci\u00f3n le ofrecemos un resumen de las 10 atracciones m\u00e1s populares de Barcelona. Puede reservar f\u00e1cilmente estas entradas y hacer que las escaneen desde su tel\u00e9fono m\u00f3vil en la atracci\u00f3n.<\/p>\n\n\n\n<figure class=\"wp-block-table\"><table><thead><tr><th class=\"has-text-align-left\" data-align=\"left\">Entradas Barcelona<\/th><th class=\"has-text-align-right\" data-align=\"right\">Precio adulto<\/th><th><\/th><\/tr><\/thead><tbody><tr><td class=\"has-text-align-left\" data-align=\"left\"><a href=\"https:\/\/winterfestivalbarcelona.com\/es\/catedral-de-la-sagrada-familia\/\">Sagrada Familia<\/a><\/td><td class=\"has-text-align-right\" data-align=\"right\">\u20ac 33,80<\/td><td><a class=\"thirstylink\" rel=\"nofollow\" target=\"_blank\" title=\"Sagrada Fam\u00edlia EN\" href=\"https:\/\/winterfestivalbarcelona.com\/recommends\/sagrada-familia-en\/\" data-shortcode=\"true\">Reserve ahora<\/a><\/td><\/tr><tr><td class=\"has-text-align-left\" data-align=\"left\"><a href=\"https:\/\/winterfestivalbarcelona.com\/es\/parque-guell\/\">Parque G\u00fcell<\/a><\/td><td class=\"has-text-align-right\" data-align=\"right\">\u20ac 25,00<\/td><td><a class=\"thirstylink\" rel=\"nofollow\" target=\"_blank\" title=\"Park G\u00fcell EN\" href=\"https:\/\/winterfestivalbarcelona.com\/recommends\/park-guell-en\/\" data-shortcode=\"true\">Reserve ahora<\/a><\/td><\/tr><tr><td class=\"has-text-align-left\" data-align=\"left\"><a href=\"https:\/\/winterfestivalbarcelona.com\/es\/casa-batllo\/\">Casa Batll\u00f3<\/a><\/td><td class=\"has-text-align-right\" data-align=\"right\">\u20ac 35,00<\/td><td><a class=\"thirstylink\" rel=\"nofollow\" target=\"_blank\" title=\"Casa Batll\u00f3 EN\" href=\"https:\/\/winterfestivalbarcelona.com\/recommends\/casa-batllo-en\/\" data-shortcode=\"true\">Reserve ahora<\/a><\/td><\/tr><tr><td class=\"has-text-align-left\" data-align=\"left\"><a href=\"https:\/\/winterfestivalbarcelona.com\/es\/la-pedrera-casa-mila\/\">La Pedrera &#8211; Casa Mil\u00e0<\/a><\/td><td class=\"has-text-align-right\" data-align=\"right\">\u20ac 25,00<\/td><td><a class=\"thirstylink\" rel=\"nofollow\" target=\"_blank\" title=\"Casa Mil\u00e0 EN\" href=\"https:\/\/winterfestivalbarcelona.com\/recommends\/casa-mila-en\/\" data-shortcode=\"true\">Reserve ahora<\/a><\/td><\/tr><tr><td class=\"has-text-align-left\" data-align=\"left\"><a href=\"https:\/\/winterfestivalbarcelona.com\/event\/light-festival-barcelona-at-sant-pau\/\">Festival de la Luz de Barcelona en Sant Pau<\/a><\/td><td class=\"has-text-align-right\" data-align=\"right\">\u20ac 15,00<\/td><td><a class=\"thirstylink\" rel=\"nofollow\" target=\"_blank\" title=\"Light Festival Sant Pau EN\" href=\"https:\/\/winterfestivalbarcelona.com\/recommends\/light-festival-sant-pau-en\/\" data-shortcode=\"true\">Reserve ahora<\/a><\/td><\/tr><tr><td class=\"has-text-align-left\" data-align=\"left\">Casa Vicens de Gaud\u00ed<\/td><td class=\"has-text-align-right\" data-align=\"right\">\u20ac 20,00<\/td><td>Reserve ahora<\/td><\/tr><tr><td class=\"has-text-align-left\" data-align=\"left\">Telef\u00e9rico de Montju\u00efc<\/td><td class=\"has-text-align-right\" data-align=\"right\">\u20ac 15,00<\/td><td>Reserve ahora<\/td><\/tr><tr><td class=\"has-text-align-left\" data-align=\"left\">Hop-on Hop-off Tours Barcelona (edici\u00f3n de Navidad)<\/td><td class=\"has-text-align-right\" data-align=\"right\">\u20ac 31,00<\/td><td><a class=\"thirstylink\" rel=\"nofollow\" target=\"_blank\" title=\"Christmas Bus Tour Barcelona EN\" href=\"https:\/\/winterfestivalbarcelona.com\/recommends\/christmas-bus-tour-barcelona-en\/\" data-shortcode=\"true\">Reserve ahora<\/a><\/td><\/tr><tr><td class=\"has-text-align-left\" data-align=\"left\">Ice Bar Barcelona<\/td><td class=\"has-text-align-right\" data-align=\"right\">\u20ac 19,00<\/td><td>Reserve ahora<\/td><\/tr><tr><td class=\"has-text-align-left\" data-align=\"left\">Acuario de Barcelona<\/td><td class=\"has-text-align-right\" data-align=\"right\">\u20ac 25,00<\/td><td>Reserve ahora<\/td><\/tr><\/tbody><\/table><\/figure>\n\n\n\n<h2 class=\"wp-block-heading\" id=\"1-reserve-f%C3%A1cilmente-sus-billetes-de-grupo-en-barcelona\">Reserve f\u00e1cilmente sus billetes de grupo en Barcelona<\/h2>\n\n\n\n<p><strong>\u00bfQuiere visitar una o varias atracciones de Barcelona en grupo?  <\/strong>En ese caso, suele ser aconsejable reservar los billetes con antelaci\u00f3n. Esto se debe a que las atracciones exigen la reserva de entradas para un <strong>d\u00eda y una hora de entrada concretos<\/strong>. Para los grupos, esto es a\u00fan m\u00e1s importante. Obviamente, querr\u00e1 que su grupo pueda visitar una atracci\u00f3n al mismo tiempo. \u00bfQuiere pedir entradas para un grupo? <a href=\"https:\/\/winterfestivalbarcelona.com\/recommends\/group-tickets-en\/\">Solicite entonces un presupuesto gratuito y sin compromiso<\/a>. Si, adem\u00e1s de entradas, tambi\u00e9n necesita opciones de transporte para su grupo, como un autob\u00fas tur\u00edstico, ind\u00edquelo en su solicitud de presupuesto.  <\/p>\n\n\n<div style=\"gap: 20px;\" class=\"align-button-left ub-buttons orientation-button-row ub-flex-wrap wp-block-ub-button\" id=\"ub-button-1559f229-94dd-4f52-b26f-a5bb848662b9\"><div class=\"ub-button-container\">\n\t\t\t<a href=\"https:\/\/winterfestivalbarcelona.com\/recommends\/group-tickets-en\/\" target=\"_blank\" rel=\"noopener noreferrer\" class=\"ub-button-block-main   ub-button-flex\" role=\"button\" style=\"--ub-button-background-color: #000288; --ub-button-color: #ffffff; --ub-button-border: none; --ub-button-hover-background-color: #313131; --ub-button-hover-color: #ffffff; --ub-button-hover-border: none; padding-top: 10px; padding-right: 10px; padding-bottom: 10px; padding-left: 10px; border-radius: 10px; \">\n\t\t\t\t<div class=\"ub-button-content-holder\" style=\"flex-direction: row\">\n\t\t\t\t\t<span class=\"ub-button-icon-holder\">\n\t\t\t\t<svg xmlns=\"http:\/\/www.w3.org\/2000\/svg\" height=\"30\" width=\"30\" viewbox=\"0 0 512 512\">\n\t\t\t\t\t<path fill=\"currentColor\" d=\"M0 256a256 256 0 1 0 512 0A256 256 0 1 0 0 256zM241 377c-9.4 9.4-24.6 9.4-33.9 0s-9.4-24.6 0-33.9l87-87-87-87c-9.4-9.4-9.4-24.6 0-33.9s24.6-9.4 33.9 0L345 239c9.4 9.4 9.4 24.6 0 33.9L241 377z\">\n\t\t\t\t<\/path><\/svg>\n\t\t\t<\/span><span class=\"ub-button-block-btn\">Request your quote<\/span>\n\t\t\t\t<\/div>\n\t\t\t<\/a>\n\t\t<\/div><\/div>\n\n\n<h2 class=\"wp-block-heading\" id=\"2-ahorre-dinero-y-molestias-con-una-de-las-barcelona-city-cards\">Ahorre dinero y molestias con una de las Barcelona city cards<\/h2>\n\n\n\n<figure class=\"wp-block-image size-large\"><img loading=\"lazy\" decoding=\"async\" width=\"1024\" height=\"637\" src=\"https:\/\/winterfestivalbarcelona.com\/wp-content\/uploads\/2023\/06\/Barcelona-City-Cards-1024x637.png\" alt=\"\" class=\"wp-image-195\" srcset=\"https:\/\/winterfestivalbarcelona.com\/wp-content\/uploads\/2023\/06\/Barcelona-City-Cards-1024x637.png 1024w, https:\/\/winterfestivalbarcelona.com\/wp-content\/uploads\/2023\/06\/Barcelona-City-Cards-300x187.png 300w, https:\/\/winterfestivalbarcelona.com\/wp-content\/uploads\/2023\/06\/Barcelona-City-Cards-768x478.png 768w, https:\/\/winterfestivalbarcelona.com\/wp-content\/uploads\/2023\/06\/Barcelona-City-Cards-1536x956.png 1536w, https:\/\/winterfestivalbarcelona.com\/wp-content\/uploads\/2023\/06\/Barcelona-City-Cards-800x498.png 800w, https:\/\/winterfestivalbarcelona.com\/wp-content\/uploads\/2023\/06\/Barcelona-City-Cards-372x230.png 372w, https:\/\/winterfestivalbarcelona.com\/wp-content\/uploads\/2023\/06\/Barcelona-City-Cards.png 1616w\" sizes=\"auto, (max-width: 1024px) 100vw, 1024px\" \/><\/figure>\n\n\n\n<p>Uno de los Barcelona City passes le da acceso a varias atracciones, museos y eventos de una sola vez. Hay varios pases tur\u00edsticos disponibles, entre ellos la Winter Festival Card Barcelona. A continuaci\u00f3n le ofrecemos una lista de las mejores tarjetas urbanas.<\/p>\n\n\n\n<div data-tiqets-widget=\"discovery\" data-cards-layout=\"responsive\" data-content-type=\"product\" data-content-ids=\"975758,1012557,1055477,973886,1031461\" data-partner=\"winterfestivalbarcelona\"><\/div><script defer=\"defer\" src=\"https:\/\/widgets.tiqets.com\/loader.js\"><\/script>\n\n\n\n<h2 class=\"wp-block-heading\" id=\"3-reserve-a-tiempo-su-hotel-en-barcelona\">Reserve a tiempo su hotel en Barcelona<\/h2>\n\n\n\n<p>Lo que se aplica a los billetes se aplica a\u00fan m\u00e1s a los hoteles. Los <a href=\"https:\/\/winterfestivalbarcelona.com\/es\/hoteles-durante-el-festival-de-invierno-de-barcelona\/\">hoteles<\/a> m\u00e1s populares de Barcelona suelen estar completos con mucha antelaci\u00f3n durante el periodo navide\u00f1o. Los precios de los hoteles tambi\u00e9n suelen ser m\u00e1s caros entonces. Compruebe a continuaci\u00f3n los precios actuales y la disponibilidad de los hoteles de Barcelona y reserve directamente el hotel de su elecci\u00f3n.<\/p>\n\n\n\n<ins class=\"bookingaff\" data-aid=\"2345269\" data-target_aid=\"2345269\" data-prod=\"map\" data-width=\"100%\" data-height=\"590\" data-lang=\"ualng\" data-dest_id=\"0\" data-dest_type=\"landmark\" data-latitude=\"41.3873974\" data-longitude=\"2.168568\" data-landmark_name=\"Winter Festival Barcelona\" data-mwhsb=\"0\" data-address=\"Barcelona, Spain\">\n    <!-- Anything inside will go away once widget is loaded. -->\n        <a href=\"\/\/www.booking.com?aid=2345269\">Reservas<\/a>\n<\/ins>\n<script type=\"text\/javascript\">\n    (function(d, sc, u) {\n      var s = d.createElement(sc), p = d.getElementsByTagName(sc)[0];\n      s.type = 'text\/javascript';\n      s.async = true;\n      s.src = u + '?v=' + (+new Date());\n      p.parentNode.insertBefore(s,p);\n      })(document, 'script', '\/\/cf.bstatic.com\/static\/affiliate_base\/js\/flexiproduct.js');\n<\/script>\n","protected":false},"excerpt":{"rendered":"<p>Asegurar sus billetes de avi\u00f3n a Barcelona con antelaci\u00f3n es crucial para una experiencia de viaje agradable y sin contratiempos.<\/p>\n","protected":false},"author":1,"featured_media":728,"comment_status":"open","ping_status":"open","sticky":false,"template":"","format":"standard","meta":{"_tec_requires_first_save":true,"_EventAllDay":false,"_EventTimezone":"","_EventStartDate":"","_EventEndDate":"","_EventStartDateUTC":"","_EventEndDateUTC":"","_EventShowMap":false,"_EventShowMapLink":false,"_EventURL":"","_EventCost":"","_EventCostDescription":"","_EventCurrencySymbol":"","_EventCurrencyCode":"","_EventCurrencyPosition":"","_EventDateTimeSeparator":"","_EventTimeRangeSeparator":"","_EventOrganizerID":[],"_EventVenueID":[],"_OrganizerEmail":"","_OrganizerPhone":"","_OrganizerWebsite":"","_VenueAddress":"","_VenueCity":"","_VenueCountry":"","_VenueProvince":"","_VenueState":"","_VenueZip":"","_VenuePhone":"","_VenueURL":"","_VenueStateProvince":"","_VenueLat":"","_VenueLng":"","_VenueShowMap":false,"_VenueShowMapLink":false,"_tribe_blocks_recurrence_rules":"","_tribe_blocks_recurrence_description":"","_tribe_blocks_recurrence_exclusions":"","footnotes":""},"categories":[77],"tags":[],"class_list":["post-1406","post","type-post","status-publish","format-standard","has-post-thumbnail","hentry","category-festival-de-invierno-de-barcelona"],"featured_image_src":"https:\/\/winterfestivalbarcelona.com\/wp-content\/uploads\/2023\/06\/Barcelona-tickets-scaled.jpg","author_info":{"display_name":"Marco_Skreenz","author_link":"https:\/\/winterfestivalbarcelona.com\/es\/author\/marco_skreenz\/"},"yoast_head":"<!-- This site is optimized with the Yoast SEO plugin v26.6 - https:\/\/yoast.com\/wordpress\/plugins\/seo\/ -->\n<title>Reserve con antelaci\u00f3n sus entradas para el Festival de Invierno de Barcelona - Winter Festival Barcelona<\/title>\n<meta name=\"robots\" content=\"index, follow, max-snippet:-1, max-image-preview:large, max-video-preview:-1\" \/>\n<link rel=\"canonical\" href=\"https:\/\/winterfestivalbarcelona.com\/es\/reserve-con-antelacion-sus-entradas-para-el-festival-de-invierno-de-barcelona\/\" \/>\n<meta property=\"og:locale\" content=\"es_ES\" \/>\n<meta property=\"og:type\" content=\"article\" \/>\n<meta property=\"og:title\" content=\"Reserve con antelaci\u00f3n sus entradas para el Festival de Invierno de Barcelona - Winter Festival Barcelona\" \/>\n<meta property=\"og:description\" content=\"Asegurar sus billetes de avi\u00f3n a Barcelona con antelaci\u00f3n es crucial para una experiencia de viaje agradable y sin contratiempos.\" \/>\n<meta property=\"og:url\" content=\"https:\/\/winterfestivalbarcelona.com\/es\/reserve-con-antelacion-sus-entradas-para-el-festival-de-invierno-de-barcelona\/\" \/>\n<meta property=\"og:site_name\" content=\"Winter Festival Barcelona\" \/>\n<meta property=\"article:published_time\" content=\"2023-06-07T13:32:24+00:00\" \/>\n<meta property=\"article:modified_time\" content=\"2023-07-11T17:45:59+00:00\" \/>\n<meta property=\"og:image\" content=\"https:\/\/winterfestivalbarcelona.com\/wp-content\/uploads\/2023\/06\/Barcelona-tickets-scaled.jpg\" \/>\n\t<meta property=\"og:image:width\" content=\"2560\" \/>\n\t<meta property=\"og:image:height\" content=\"1707\" \/>\n\t<meta property=\"og:image:type\" content=\"image\/jpeg\" \/>\n<meta name=\"author\" content=\"Marco_Skreenz\" \/>\n<meta name=\"twitter:card\" content=\"summary_large_image\" \/>\n<meta name=\"twitter:label1\" content=\"Escrito por\" \/>\n\t<meta name=\"twitter:data1\" content=\"Marco_Skreenz\" \/>\n\t<meta name=\"twitter:label2\" content=\"Tiempo de lectura\" \/>\n\t<meta name=\"twitter:data2\" content=\"3 minutos\" \/>\n<script type=\"application\/ld+json\" class=\"yoast-schema-graph\">{\"@context\":\"https:\/\/schema.org\",\"@graph\":[{\"@type\":\"Article\",\"@id\":\"https:\/\/winterfestivalbarcelona.com\/es\/reserve-con-antelacion-sus-entradas-para-el-festival-de-invierno-de-barcelona\/#article\",\"isPartOf\":{\"@id\":\"https:\/\/winterfestivalbarcelona.com\/es\/reserve-con-antelacion-sus-entradas-para-el-festival-de-invierno-de-barcelona\/\"},\"author\":{\"name\":\"Marco_Skreenz\",\"@id\":\"https:\/\/winterfestivalbarcelona.com\/es\/#\/schema\/person\/4853762921d9caee9aacff82af5e00be\"},\"headline\":\"Reserve con antelaci\u00f3n sus entradas para el Festival de Invierno de Barcelona\",\"datePublished\":\"2023-06-07T13:32:24+00:00\",\"dateModified\":\"2023-07-11T17:45:59+00:00\",\"mainEntityOfPage\":{\"@id\":\"https:\/\/winterfestivalbarcelona.com\/es\/reserve-con-antelacion-sus-entradas-para-el-festival-de-invierno-de-barcelona\/\"},\"wordCount\":550,\"commentCount\":0,\"publisher\":{\"@id\":\"https:\/\/winterfestivalbarcelona.com\/es\/#organization\"},\"image\":{\"@id\":\"https:\/\/winterfestivalbarcelona.com\/es\/reserve-con-antelacion-sus-entradas-para-el-festival-de-invierno-de-barcelona\/#primaryimage\"},\"thumbnailUrl\":\"https:\/\/winterfestivalbarcelona.com\/wp-content\/uploads\/2023\/06\/Barcelona-tickets-scaled.jpg\",\"articleSection\":[\"Festival de Invierno de Barcelona\"],\"inLanguage\":\"es\",\"potentialAction\":[{\"@type\":\"CommentAction\",\"name\":\"Comment\",\"target\":[\"https:\/\/winterfestivalbarcelona.com\/es\/reserve-con-antelacion-sus-entradas-para-el-festival-de-invierno-de-barcelona\/#respond\"]}]},{\"@type\":\"WebPage\",\"@id\":\"https:\/\/winterfestivalbarcelona.com\/es\/reserve-con-antelacion-sus-entradas-para-el-festival-de-invierno-de-barcelona\/\",\"url\":\"https:\/\/winterfestivalbarcelona.com\/es\/reserve-con-antelacion-sus-entradas-para-el-festival-de-invierno-de-barcelona\/\",\"name\":\"Reserve con antelaci\u00f3n sus entradas para el Festival de Invierno de Barcelona - Winter Festival Barcelona\",\"isPartOf\":{\"@id\":\"https:\/\/winterfestivalbarcelona.com\/es\/#website\"},\"primaryImageOfPage\":{\"@id\":\"https:\/\/winterfestivalbarcelona.com\/es\/reserve-con-antelacion-sus-entradas-para-el-festival-de-invierno-de-barcelona\/#primaryimage\"},\"image\":{\"@id\":\"https:\/\/winterfestivalbarcelona.com\/es\/reserve-con-antelacion-sus-entradas-para-el-festival-de-invierno-de-barcelona\/#primaryimage\"},\"thumbnailUrl\":\"https:\/\/winterfestivalbarcelona.com\/wp-content\/uploads\/2023\/06\/Barcelona-tickets-scaled.jpg\",\"datePublished\":\"2023-06-07T13:32:24+00:00\",\"dateModified\":\"2023-07-11T17:45:59+00:00\",\"breadcrumb\":{\"@id\":\"https:\/\/winterfestivalbarcelona.com\/es\/reserve-con-antelacion-sus-entradas-para-el-festival-de-invierno-de-barcelona\/#breadcrumb\"},\"inLanguage\":\"es\",\"potentialAction\":[{\"@type\":\"ReadAction\",\"target\":[\"https:\/\/winterfestivalbarcelona.com\/es\/reserve-con-antelacion-sus-entradas-para-el-festival-de-invierno-de-barcelona\/\"]}]},{\"@type\":\"ImageObject\",\"inLanguage\":\"es\",\"@id\":\"https:\/\/winterfestivalbarcelona.com\/es\/reserve-con-antelacion-sus-entradas-para-el-festival-de-invierno-de-barcelona\/#primaryimage\",\"url\":\"https:\/\/winterfestivalbarcelona.com\/wp-content\/uploads\/2023\/06\/Barcelona-tickets-scaled.jpg\",\"contentUrl\":\"https:\/\/winterfestivalbarcelona.com\/wp-content\/uploads\/2023\/06\/Barcelona-tickets-scaled.jpg\",\"width\":2560,\"height\":1707,\"caption\":\"Barcelona tickets\"},{\"@type\":\"BreadcrumbList\",\"@id\":\"https:\/\/winterfestivalbarcelona.com\/es\/reserve-con-antelacion-sus-entradas-para-el-festival-de-invierno-de-barcelona\/#breadcrumb\",\"itemListElement\":[{\"@type\":\"ListItem\",\"position\":1,\"name\":\"Home\",\"item\":\"https:\/\/winterfestivalbarcelona.com\/es\/\"},{\"@type\":\"ListItem\",\"position\":2,\"name\":\"Reserve con antelaci\u00f3n sus entradas para el Festival de Invierno de Barcelona\"}]},{\"@type\":\"WebSite\",\"@id\":\"https:\/\/winterfestivalbarcelona.com\/es\/#website\",\"url\":\"https:\/\/winterfestivalbarcelona.com\/es\/\",\"name\":\"Winter Festival Barcelona\",\"description\":\"Enjoy the most wonderful time of the year in Barcelona\",\"publisher\":{\"@id\":\"https:\/\/winterfestivalbarcelona.com\/es\/#organization\"},\"potentialAction\":[{\"@type\":\"SearchAction\",\"target\":{\"@type\":\"EntryPoint\",\"urlTemplate\":\"https:\/\/winterfestivalbarcelona.com\/es\/?s={search_term_string}\"},\"query-input\":{\"@type\":\"PropertyValueSpecification\",\"valueRequired\":true,\"valueName\":\"search_term_string\"}}],\"inLanguage\":\"es\"},{\"@type\":\"Organization\",\"@id\":\"https:\/\/winterfestivalbarcelona.com\/es\/#organization\",\"name\":\"Winter Festival Barcelona\",\"url\":\"https:\/\/winterfestivalbarcelona.com\/es\/\",\"logo\":{\"@type\":\"ImageObject\",\"inLanguage\":\"es\",\"@id\":\"https:\/\/winterfestivalbarcelona.com\/es\/#\/schema\/logo\/image\/\",\"url\":\"https:\/\/winterfestivalbarcelona.com\/wp-content\/uploads\/2023\/06\/winterfestivalbarcelona.jpg\",\"contentUrl\":\"https:\/\/winterfestivalbarcelona.com\/wp-content\/uploads\/2023\/06\/winterfestivalbarcelona.jpg\",\"width\":708,\"height\":259,\"caption\":\"Winter Festival Barcelona\"},\"image\":{\"@id\":\"https:\/\/winterfestivalbarcelona.com\/es\/#\/schema\/logo\/image\/\"}},{\"@type\":\"Person\",\"@id\":\"https:\/\/winterfestivalbarcelona.com\/es\/#\/schema\/person\/4853762921d9caee9aacff82af5e00be\",\"name\":\"Marco_Skreenz\",\"image\":{\"@type\":\"ImageObject\",\"inLanguage\":\"es\",\"@id\":\"https:\/\/winterfestivalbarcelona.com\/es\/#\/schema\/person\/image\/\",\"url\":\"https:\/\/secure.gravatar.com\/avatar\/f621210d3d4bdbf371ca83337f3ee7e8f5a821f02354012bc110b878013bb59a?s=96&d=mm&r=g\",\"contentUrl\":\"https:\/\/secure.gravatar.com\/avatar\/f621210d3d4bdbf371ca83337f3ee7e8f5a821f02354012bc110b878013bb59a?s=96&d=mm&r=g\",\"caption\":\"Marco_Skreenz\"},\"sameAs\":[\"https:\/\/winterfestivalbarcelona.com\"],\"url\":\"https:\/\/winterfestivalbarcelona.com\/es\/author\/marco_skreenz\/\"}]}<\/script>\n<!-- \/ Yoast SEO plugin. -->","yoast_head_json":{"title":"Reserve con antelaci\u00f3n sus entradas para el Festival de Invierno de Barcelona - Winter Festival Barcelona","robots":{"index":"index","follow":"follow","max-snippet":"max-snippet:-1","max-image-preview":"max-image-preview:large","max-video-preview":"max-video-preview:-1"},"canonical":"https:\/\/winterfestivalbarcelona.com\/es\/reserve-con-antelacion-sus-entradas-para-el-festival-de-invierno-de-barcelona\/","og_locale":"es_ES","og_type":"article","og_title":"Reserve con antelaci\u00f3n sus entradas para el Festival de Invierno de Barcelona - Winter Festival Barcelona","og_description":"Asegurar sus billetes de avi\u00f3n a Barcelona con antelaci\u00f3n es crucial para una experiencia de viaje agradable y sin contratiempos.","og_url":"https:\/\/winterfestivalbarcelona.com\/es\/reserve-con-antelacion-sus-entradas-para-el-festival-de-invierno-de-barcelona\/","og_site_name":"Winter Festival Barcelona","article_published_time":"2023-06-07T13:32:24+00:00","article_modified_time":"2023-07-11T17:45:59+00:00","og_image":[{"width":2560,"height":1707,"url":"https:\/\/winterfestivalbarcelona.com\/wp-content\/uploads\/2023\/06\/Barcelona-tickets-scaled.jpg","type":"image\/jpeg"}],"author":"Marco_Skreenz","twitter_card":"summary_large_image","twitter_misc":{"Escrito por":"Marco_Skreenz","Tiempo de lectura":"3 minutos"},"schema":{"@context":"https:\/\/schema.org","@graph":[{"@type":"Article","@id":"https:\/\/winterfestivalbarcelona.com\/es\/reserve-con-antelacion-sus-entradas-para-el-festival-de-invierno-de-barcelona\/#article","isPartOf":{"@id":"https:\/\/winterfestivalbarcelona.com\/es\/reserve-con-antelacion-sus-entradas-para-el-festival-de-invierno-de-barcelona\/"},"author":{"name":"Marco_Skreenz","@id":"https:\/\/winterfestivalbarcelona.com\/es\/#\/schema\/person\/4853762921d9caee9aacff82af5e00be"},"headline":"Reserve con antelaci\u00f3n sus entradas para el Festival de Invierno de Barcelona","datePublished":"2023-06-07T13:32:24+00:00","dateModified":"2023-07-11T17:45:59+00:00","mainEntityOfPage":{"@id":"https:\/\/winterfestivalbarcelona.com\/es\/reserve-con-antelacion-sus-entradas-para-el-festival-de-invierno-de-barcelona\/"},"wordCount":550,"commentCount":0,"publisher":{"@id":"https:\/\/winterfestivalbarcelona.com\/es\/#organization"},"image":{"@id":"https:\/\/winterfestivalbarcelona.com\/es\/reserve-con-antelacion-sus-entradas-para-el-festival-de-invierno-de-barcelona\/#primaryimage"},"thumbnailUrl":"https:\/\/winterfestivalbarcelona.com\/wp-content\/uploads\/2023\/06\/Barcelona-tickets-scaled.jpg","articleSection":["Festival de Invierno de Barcelona"],"inLanguage":"es","potentialAction":[{"@type":"CommentAction","name":"Comment","target":["https:\/\/winterfestivalbarcelona.com\/es\/reserve-con-antelacion-sus-entradas-para-el-festival-de-invierno-de-barcelona\/#respond"]}]},{"@type":"WebPage","@id":"https:\/\/winterfestivalbarcelona.com\/es\/reserve-con-antelacion-sus-entradas-para-el-festival-de-invierno-de-barcelona\/","url":"https:\/\/winterfestivalbarcelona.com\/es\/reserve-con-antelacion-sus-entradas-para-el-festival-de-invierno-de-barcelona\/","name":"Reserve con antelaci\u00f3n sus entradas para el Festival de Invierno de Barcelona - Winter Festival Barcelona","isPartOf":{"@id":"https:\/\/winterfestivalbarcelona.com\/es\/#website"},"primaryImageOfPage":{"@id":"https:\/\/winterfestivalbarcelona.com\/es\/reserve-con-antelacion-sus-entradas-para-el-festival-de-invierno-de-barcelona\/#primaryimage"},"image":{"@id":"https:\/\/winterfestivalbarcelona.com\/es\/reserve-con-antelacion-sus-entradas-para-el-festival-de-invierno-de-barcelona\/#primaryimage"},"thumbnailUrl":"https:\/\/winterfestivalbarcelona.com\/wp-content\/uploads\/2023\/06\/Barcelona-tickets-scaled.jpg","datePublished":"2023-06-07T13:32:24+00:00","dateModified":"2023-07-11T17:45:59+00:00","breadcrumb":{"@id":"https:\/\/winterfestivalbarcelona.com\/es\/reserve-con-antelacion-sus-entradas-para-el-festival-de-invierno-de-barcelona\/#breadcrumb"},"inLanguage":"es","potentialAction":[{"@type":"ReadAction","target":["https:\/\/winterfestivalbarcelona.com\/es\/reserve-con-antelacion-sus-entradas-para-el-festival-de-invierno-de-barcelona\/"]}]},{"@type":"ImageObject","inLanguage":"es","@id":"https:\/\/winterfestivalbarcelona.com\/es\/reserve-con-antelacion-sus-entradas-para-el-festival-de-invierno-de-barcelona\/#primaryimage","url":"https:\/\/winterfestivalbarcelona.com\/wp-content\/uploads\/2023\/06\/Barcelona-tickets-scaled.jpg","contentUrl":"https:\/\/winterfestivalbarcelona.com\/wp-content\/uploads\/2023\/06\/Barcelona-tickets-scaled.jpg","width":2560,"height":1707,"caption":"Barcelona tickets"},{"@type":"BreadcrumbList","@id":"https:\/\/winterfestivalbarcelona.com\/es\/reserve-con-antelacion-sus-entradas-para-el-festival-de-invierno-de-barcelona\/#breadcrumb","itemListElement":[{"@type":"ListItem","position":1,"name":"Home","item":"https:\/\/winterfestivalbarcelona.com\/es\/"},{"@type":"ListItem","position":2,"name":"Reserve con antelaci\u00f3n sus entradas para el Festival de Invierno de Barcelona"}]},{"@type":"WebSite","@id":"https:\/\/winterfestivalbarcelona.com\/es\/#website","url":"https:\/\/winterfestivalbarcelona.com\/es\/","name":"Winter Festival Barcelona","description":"Enjoy the most wonderful time of the year in Barcelona","publisher":{"@id":"https:\/\/winterfestivalbarcelona.com\/es\/#organization"},"potentialAction":[{"@type":"SearchAction","target":{"@type":"EntryPoint","urlTemplate":"https:\/\/winterfestivalbarcelona.com\/es\/?s={search_term_string}"},"query-input":{"@type":"PropertyValueSpecification","valueRequired":true,"valueName":"search_term_string"}}],"inLanguage":"es"},{"@type":"Organization","@id":"https:\/\/winterfestivalbarcelona.com\/es\/#organization","name":"Winter Festival Barcelona","url":"https:\/\/winterfestivalbarcelona.com\/es\/","logo":{"@type":"ImageObject","inLanguage":"es","@id":"https:\/\/winterfestivalbarcelona.com\/es\/#\/schema\/logo\/image\/","url":"https:\/\/winterfestivalbarcelona.com\/wp-content\/uploads\/2023\/06\/winterfestivalbarcelona.jpg","contentUrl":"https:\/\/winterfestivalbarcelona.com\/wp-content\/uploads\/2023\/06\/winterfestivalbarcelona.jpg","width":708,"height":259,"caption":"Winter Festival Barcelona"},"image":{"@id":"https:\/\/winterfestivalbarcelona.com\/es\/#\/schema\/logo\/image\/"}},{"@type":"Person","@id":"https:\/\/winterfestivalbarcelona.com\/es\/#\/schema\/person\/4853762921d9caee9aacff82af5e00be","name":"Marco_Skreenz","image":{"@type":"ImageObject","inLanguage":"es","@id":"https:\/\/winterfestivalbarcelona.com\/es\/#\/schema\/person\/image\/","url":"https:\/\/secure.gravatar.com\/avatar\/f621210d3d4bdbf371ca83337f3ee7e8f5a821f02354012bc110b878013bb59a?s=96&d=mm&r=g","contentUrl":"https:\/\/secure.gravatar.com\/avatar\/f621210d3d4bdbf371ca83337f3ee7e8f5a821f02354012bc110b878013bb59a?s=96&d=mm&r=g","caption":"Marco_Skreenz"},"sameAs":["https:\/\/winterfestivalbarcelona.com"],"url":"https:\/\/winterfestivalbarcelona.com\/es\/author\/marco_skreenz\/"}]}},"_links":{"self":[{"href":"https:\/\/winterfestivalbarcelona.com\/es\/wp-json\/wp\/v2\/posts\/1406","targetHints":{"allow":["GET"]}}],"collection":[{"href":"https:\/\/winterfestivalbarcelona.com\/es\/wp-json\/wp\/v2\/posts"}],"about":[{"href":"https:\/\/winterfestivalbarcelona.com\/es\/wp-json\/wp\/v2\/types\/post"}],"author":[{"embeddable":true,"href":"https:\/\/winterfestivalbarcelona.com\/es\/wp-json\/wp\/v2\/users\/1"}],"replies":[{"embeddable":true,"href":"https:\/\/winterfestivalbarcelona.com\/es\/wp-json\/wp\/v2\/comments?post=1406"}],"version-history":[{"count":2,"href":"https:\/\/winterfestivalbarcelona.com\/es\/wp-json\/wp\/v2\/posts\/1406\/revisions"}],"predecessor-version":[{"id":1703,"href":"https:\/\/winterfestivalbarcelona.com\/es\/wp-json\/wp\/v2\/posts\/1406\/revisions\/1703"}],"wp:featuredmedia":[{"embeddable":true,"href":"https:\/\/winterfestivalbarcelona.com\/es\/wp-json\/wp\/v2\/media\/728"}],"wp:attachment":[{"href":"https:\/\/winterfestivalbarcelona.com\/es\/wp-json\/wp\/v2\/media?parent=1406"}],"wp:term":[{"taxonomy":"category","embeddable":true,"href":"https:\/\/winterfestivalbarcelona.com\/es\/wp-json\/wp\/v2\/categories?post=1406"},{"taxonomy":"post_tag","embeddable":true,"href":"https:\/\/winterfestivalbarcelona.com\/es\/wp-json\/wp\/v2\/tags?post=1406"}],"curies":[{"name":"wp","href":"https:\/\/api.w.org\/{rel}","templated":true}]}}