{"id":1053,"date":"2023-06-16T11:52:26","date_gmt":"2023-06-16T11:52:26","guid":{"rendered":"https:\/\/winterfestivalbarcelona.com\/hoteles-en-gracia\/"},"modified":"2023-07-11T07:01:43","modified_gmt":"2023-07-11T07:01:43","slug":"hoteles-en-gracia","status":"publish","type":"post","link":"https:\/\/winterfestivalbarcelona.com\/es\/hoteles-en-gracia\/","title":{"rendered":"Hoteles en Gr\u00e0cia"},"content":{"rendered":"\n<p class=\"has-medium-font-size\">Si busca una experiencia aut\u00e9ntica y vibrante en Barcelona, el barrio de <strong>Gr\u00e0cia<\/strong> es su destino hotelero perfecto. Conocido por su ambiente relajado y bohemio, Gr\u00e0cia es un barrio colorido y carism\u00e1tico que est\u00e1 a un mundo de distancia del bullicioso centro de la ciudad, aunque convenientemente cerca.<\/p>\n<div data-is_sticky=\"false\" data-sticky_toc_position=\"left\" data-hide_sticky_on_mobile=\"false\" data-sticky_button_icon='&lt;svg style=\"color:#000000;\" class=\"ub_sticky-toc-open-button-icon\" xmlns=\"http:\/\/www.w3.org\/2000\/svg\" height=\"34px\" width=\"34px\" viewBox=\"0, 0, 448, 512\"&gt;&lt;path fill=\"currentColor\" d=\"M0 96C0 78.33 14.33 64 32 64H416C433.7 64 448 78.33 448 96C448 113.7 433.7 128 416 128H32C14.33 128 0 113.7 0 96zM0 256C0 238.3 14.33 224 32 224H416C433.7 224 448 238.3 448 256C448 273.7 433.7 288 416 288H32C14.33 288 0 273.7 0 256zM416 448H32C14.33 448 0 433.7 0 416C0 398.3 14.33 384 32 384H416C433.7 384 448 398.3 448 416C448 433.7 433.7 448 416 448z\"&gt;&lt;\/svg&gt;' data-sticky_button_color=\"#000000\" data-sticky_toc_width=\"320px\" class=\"wp-block-ub-table-of-contents-block ub_table-of-contents\" id=\"ub_table-of-contents-c33a9d72-254e-4fd2-a237-6cdd0c509877\" data-linktodivider=\"false\" data-showtext=\"show\" data-hidetext=\"hide\" data-scrolltype=\"auto\" data-enablesmoothscroll=\"false\" data-initiallyhideonmobile=\"false\" data-initiallyshow=\"true\"><div class=\"ub_table-of-contents-header-container\" style=\"background-color: #000288; color: #ffffff; \">\n\t\t\t<div class=\"ub_table-of-contents-header\" style=\"text-align: left; \">\n\t\t\t\t<div class=\"ub_table-of-contents-title\"><strong>Hotels in Gr\u00e0cia<\/strong><\/div>\n\t\t\t\t\n\t\t\t<\/div>\n\t\t<\/div><div class=\"ub_table-of-contents-extra-container\" style=\"background-color: #ffffff; \">\n\t\t\t<div class=\"ub_table-of-contents-container ub_table-of-contents-1-column \">\n\t\t\t\t<ul style=\"\"><li style=\"\"><a href=\"https:\/\/winterfestivalbarcelona.com\/es\/hoteles-en-gracia\/#0-why-choose-a-hotel-in-gr%C3%A0cia-\" style=\"color: #000000; \">Why choose a hotel in Gr\u00e0cia?<\/a><\/li><li style=\"\"><a href=\"https:\/\/winterfestivalbarcelona.com\/es\/hoteles-en-gracia\/#1-getting-around-barcelona-and-to-the-airport-from-gr%C3%A0cia-\" style=\"color: #000000; \">Getting around Barcelona and to the Airport from Gr\u00e0cia<\/a><\/li><li style=\"\"><a href=\"https:\/\/winterfestivalbarcelona.com\/es\/hoteles-en-gracia\/#2-top-10-hotels-in-gr%C3%A0cia\" style=\"color: #000000; \">Top 10 Hotels in Gr\u00e0cia<\/a><\/li><li style=\"\"><a href=\"https:\/\/winterfestivalbarcelona.com\/es\/hoteles-en-gracia\/#3-find-your-perfect-stay-with-our-interactive-map\" style=\"color: #000000; \">Find Your Perfect Stay with Our Interactive Map<\/a><\/li><\/ul>\n\t\t\t<\/div>\n\t\t<\/div><\/div>\n<h2 class=\"wp-block-heading\" id=\"0-why-choose-a-hotel-in-gr%C3%A0cia-\"><strong>\u00bfPor qu\u00e9 elegir un hotel en Gr\u00e0cia?<\/strong><\/h2>\n\n<p>Gr\u00e0cia, que en su d\u00eda fue un pueblo independiente, ha mantenido su encanto \u00fanico e independiente y su sentimiento de comunidad unida. La zona es famosa por sus hermosas plazas repletas de caf\u00e9s, restaurantes y bares, perfectas para observar a la gente y empaparse del ambiente local.<\/p>\n\n<p>No hay que perderse <a href=\"https:\/\/winterfestivalbarcelona.com\/es\/parque-guell\/\">el Park G\u00fcell,<\/a> uno de los monumentos m\u00e1s famosos de la ciudad. Dise\u00f1ado por Antoni Gaud\u00ed, el parque ofrece impresionantes vistas de la ciudad. Tambi\u00e9n puede explorar la ins\u00f3lita <strong>Casa Vicens<\/strong>, otra de las creaciones de Gaud\u00ed, y las numerosas boutiques y estudios de arte \u00fanicos del distrito.<\/p>\n\n<h2 class=\"wp-block-heading\" id=\"1-getting-around-barcelona-and-to-the-airport-from-gr%C3%A0cia-\">C\u00f3mo moverse por Barcelona y llegar al aeropuerto desde <strong>Gr\u00e0cia<\/strong><\/h2>\n\n<p>Moverse desde Gr\u00e0cia es muy f\u00e1cil: las l\u00edneas de metro L3 (verde) y L5 (azul) permiten acceder r\u00e1pidamente a los principales lugares de inter\u00e9s de Barcelona. Para llegar <a href=\"https:\/\/winterfestivalbarcelona.com\/es\/barcelona-aeropuerto-el-prat-bcn\/\">al aeropuerto de Barcelona-El Prat<\/a>, coja la l\u00ednea L9 Sud (Naranja) en la estaci\u00f3n de Collblanc o tome un taxi para llegar directamente.<\/p>\n\n<p>Si viene en coche, hay varios aparcamientos cerca. Busque con antelaci\u00f3n un aparcamiento que se adapte a la altura de su coche y reserve su plaza con antelaci\u00f3n. El <a href=\"https:\/\/parkimeter.com\/en\/parking-barcelona\/near-gracia?affiliate=skreenz\" target=\"_blank\" rel=\"noreferrer noopener nofollow\">sitio web Parkimeter<\/a> le ofrece una buena visi\u00f3n general de las plazas de aparcamiento disponibles y facilita la reserva de su plaza.<\/p>\n\n<h2 class=\"wp-block-heading\" id=\"2-top-10-hotels-in-gr%C3%A0cia\">Top 10 Hoteles en Gr\u00e0cia<\/h2>\n\n<p>Desde joyas boutique hasta opciones econ\u00f3micas, Gr\u00e0cia ofrece una amplia gama de alojamientos. Aqu\u00ed est\u00e1 nuestra lista de los 10 mejores:<\/p>\n\n<figure class=\"wp-block-table\"><table><thead><tr><th class=\"has-text-align-left\" data-align=\"left\">Hotel<\/th><th class=\"has-text-align-left\" data-align=\"left\">Elemento \u00fanico<\/th><th class=\"has-text-align-left\" data-align=\"left\">Categor\u00eda de precios<\/th><\/tr><\/thead><tbody><tr><td class=\"has-text-align-left\" data-align=\"left\"><a href=\"https:\/\/www.booking.com\/hotel\/es\/hostel-casa-gracia.en.html?aid=2345263&amp;no_rooms=1&amp;group_adults=2\" target=\"_blank\" rel=\"noreferrer noopener\">Albergue Casa Gracia Barcelona<\/a><\/td><td class=\"has-text-align-left\" data-align=\"left\">\u00c1reas sociales y eventos con estilo<\/td><td class=\"has-text-align-left\" data-align=\"left\">Presupuesto<\/td><\/tr><tr><td class=\"has-text-align-left\" data-align=\"left\"><a href=\"https:\/\/www.booking.com\/hotel\/es\/hotelescenterfuster.en.html?aid=2345263&amp;no_rooms=1&amp;group_adults=2\" target=\"_blank\" rel=\"noreferrer noopener\">Hotel Casa Fuster G.L Monumento<\/a><\/td><td class=\"has-text-align-left\" data-align=\"left\">Monumento hist\u00f3rico y piscina en la azotea<\/td><td class=\"has-text-align-left\" data-align=\"left\">Premium<\/td><\/tr><tr><td class=\"has-text-align-left\" data-align=\"left\"><a href=\"https:\/\/www.booking.com\/hotel\/es\/la-casa-del-sol-barcelona.en.html?aid=2345263&amp;no_rooms=1&amp;group_adults=2\" target=\"_blank\" rel=\"noreferrer noopener\">Hotel La Casa del Sol<\/a><\/td><td class=\"has-text-align-left\" data-align=\"left\">Piscina y sol\u00e1rium en la azotea<\/td><td class=\"has-text-align-left\" data-align=\"left\">Media<\/td><\/tr><tr><td class=\"has-text-align-left\" data-align=\"left\"><a href=\"https:\/\/www.booking.com\/hotel\/es\/cataloniaparkputxet.en.html?aid=2345263&amp;no_rooms=1&amp;group_adults=2\" target=\"_blank\" rel=\"noreferrer noopener\">Parque de Catalu\u00f1a Putxet<\/a><\/td><td class=\"has-text-align-left\" data-align=\"left\">Piscina al aire libre y gimnasio<\/td><td class=\"has-text-align-left\" data-align=\"left\">Media<\/td><\/tr><tr><td class=\"has-text-align-left\" data-align=\"left\"><a href=\"https:\/\/www.booking.com\/hotel\/es\/aparthotel-silver.en.html?aid=2345263&amp;no_rooms=1&amp;group_adults=2\" target=\"_blank\" rel=\"noreferrer noopener\">Aparthotel Silver<\/a><\/td><td class=\"has-text-align-left\" data-align=\"left\">Terraza ajardinada y admite mascotas<\/td><td class=\"has-text-align-left\" data-align=\"left\">Media<\/td><\/tr><tr><td class=\"has-text-align-left\" data-align=\"left\"><a href=\"https:\/\/www.booking.com\/hotel\/es\/bestprice-gaudi.en.html?aid=2345263&amp;no_rooms=1&amp;group_adults=2\" target=\"_blank\" rel=\"noreferrer noopener\">Hotel BestPrice Gracia<\/a><\/td><td class=\"has-text-align-left\" data-align=\"left\">Dise\u00f1o moderno y buena relaci\u00f3n calidad-precio<\/td><td class=\"has-text-align-left\" data-align=\"left\">Presupuesto<\/td><\/tr><tr><td class=\"has-text-align-left\" data-align=\"left\"><a href=\"https:\/\/www.booking.com\/hotel\/es\/generator-hostel-barcelona.en.html?aid=2345263&amp;no_rooms=1&amp;group_adults=2\" target=\"_blank\" rel=\"noreferrer noopener\">Generador Barcelona<\/a><\/td><td class=\"has-text-align-left\" data-align=\"left\">Eventos sociales y sal\u00f3n compartido<\/td><td class=\"has-text-align-left\" data-align=\"left\">Presupuesto<\/td><\/tr><tr><td class=\"has-text-align-left\" data-align=\"left\"><a href=\"https:\/\/www.booking.com\/hotel\/es\/catalonia-park-guell.en.html?aid=2345263&amp;no_rooms=1&amp;group_adults=2\" target=\"_blank\" rel=\"noreferrer noopener\">Catalu\u00f1a Parque G\u00fcell<\/a><\/td><td class=\"has-text-align-left\" data-align=\"left\">Piscina exterior y vistas panor\u00e1micas de la ciudad<\/td><td class=\"has-text-align-left\" data-align=\"left\">Media<\/td><\/tr><tr><td class=\"has-text-align-left\" data-align=\"left\"><a href=\"https:\/\/www.booking.com\/hotel\/es\/rondalessepsbarcelona.en.html?aid=2345263&amp;no_rooms=1&amp;group_adults=2\" target=\"_blank\" rel=\"noreferrer noopener\">Hotel Ronda Lesseps<\/a><\/td><td class=\"has-text-align-left\" data-align=\"left\">Proximidad al Park G\u00fcell<\/td><td class=\"has-text-align-left\" data-align=\"left\">Media<\/td><\/tr><tr><td class=\"has-text-align-left\" data-align=\"left\"><a href=\"https:\/\/www.booking.com\/hotel\/es\/casa-bella-gracia.en.html?aid=2345263&amp;no_rooms=1&amp;group_adults=2\" target=\"_blank\" rel=\"noreferrer noopener\">Casa Bella Gracia<\/a><\/td><td class=\"has-text-align-left\" data-align=\"left\">Decoraci\u00f3n ecol\u00f3gica y art\u00edstica<\/td><td class=\"has-text-align-left\" data-align=\"left\">Premium<\/td><\/tr><\/tbody><\/table><\/figure>\n\n<h2 class=\"wp-block-heading\" id=\"3-find-your-perfect-stay-with-our-interactive-map\">Encuentre su estancia perfecta con nuestro mapa interactivo<\/h2>\n\n<p>Para ayudarte a encontrar tu estancia perfecta en Gr\u00e0cia, hemos elaborado un mapa interactivo con los mejores hoteles de la zona y sus precios. Cada marcador de hotel ofrece m\u00e1s detalles sobre sus servicios, opiniones de los hu\u00e9spedes e im\u00e1genes. Disfruta de la aut\u00e9ntica experiencia de Barcelona en Gr\u00e0cia, tu hogar lejos de casa.<\/p>\n\n<ins class=\"bookingaff\" data-aid=\"2368472\" data-target_aid=\"2368472\" data-prod=\"map\" data-width=\"100%\" data-height=\"590\" data-lang=\"ualng\" data-dest_id=\"0\" data-dest_type=\"landmark\" data-latitude=\"41.4144948\" data-longitude=\"2.1526945\" data-landmark_name=\"Hotel in Gr\u00e0cia\" data-mwhsb=\"0\" data-address=\"Park G\u00fcell, Barcelona, Spain\">\n    <!-- Anything inside will go away once widget is loaded. -->\n        <a href=\"\/\/www.booking.com?aid=2368472\">Reservas<\/a>\n<\/ins>\n<script type=\"text\/javascript\">\n    (function(d, sc, u) {\n      var s = d.createElement(sc), p = d.getElementsByTagName(sc)[0];\n      s.type = 'text\/javascript';\n      s.async = true;\n      s.src = u + '?v=' + (+new Date());\n      p.parentNode.insertBefore(s,p);\n      })(document, 'script', '\/\/cf.bstatic.com\/static\/affiliate_base\/js\/flexiproduct.js');\n<\/script>\n\n<div data-tiqets-widget=\"discovery\" data-cards-layout=\"responsive\" data-content-type=\"product\" data-item_count=\"3\" data-destination-type=\"city\" data-destination-id=\"66342\" data-partner=\"winterfestivalbarcelona\"><\/div><script defer=\"defer\" src=\"https:\/\/widgets.tiqets.com\/loader.js\"><\/script>\n","protected":false},"excerpt":{"rendered":"<p>Si busca una experiencia aut\u00e9ntica y vibrante en Barcelona, el barrio de Gr\u00e0cia es su destino hotelero perfecto.<\/p>\n","protected":false},"author":1,"featured_media":828,"comment_status":"open","ping_status":"open","sticky":false,"template":"","format":"standard","meta":{"_tec_requires_first_save":true,"_EventAllDay":false,"_EventTimezone":"","_EventStartDate":"","_EventEndDate":"","_EventStartDateUTC":"","_EventEndDateUTC":"","_EventShowMap":false,"_EventShowMapLink":false,"_EventURL":"","_EventCost":"","_EventCostDescription":"","_EventCurrencySymbol":"","_EventCurrencyCode":"","_EventCurrencyPosition":"","_EventDateTimeSeparator":"","_EventTimeRangeSeparator":"","_EventOrganizerID":[],"_EventVenueID":[],"_OrganizerEmail":"","_OrganizerPhone":"","_OrganizerWebsite":"","_VenueAddress":"","_VenueCity":"","_VenueCountry":"","_VenueProvince":"","_VenueState":"","_VenueZip":"","_VenuePhone":"","_VenueURL":"","_VenueStateProvince":"","_VenueLat":"","_VenueLng":"","_VenueShowMap":false,"_VenueShowMapLink":false,"_tribe_blocks_recurrence_rules":"","_tribe_blocks_recurrence_description":"","_tribe_blocks_recurrence_exclusions":"","footnotes":""},"categories":[61],"tags":[],"class_list":["post-1053","post","type-post","status-publish","format-standard","has-post-thumbnail","hentry","category-hoteles"],"featured_image_src":"https:\/\/winterfestivalbarcelona.com\/wp-content\/uploads\/2023\/06\/Hotels-in-Gracia-scaled.jpg","author_info":{"display_name":"Marco_Skreenz","author_link":"https:\/\/winterfestivalbarcelona.com\/es\/author\/marco_skreenz\/"},"yoast_head":"<!-- This site is optimized with the Yoast SEO plugin v26.6 - https:\/\/yoast.com\/wordpress\/plugins\/seo\/ -->\n<title>Hoteles en Gr\u00e0cia - Winter Festival Barcelona<\/title>\n<meta name=\"robots\" content=\"index, follow, max-snippet:-1, max-image-preview:large, max-video-preview:-1\" \/>\n<link rel=\"canonical\" href=\"https:\/\/winterfestivalbarcelona.com\/es\/hoteles-en-gracia\/\" \/>\n<meta property=\"og:locale\" content=\"es_ES\" \/>\n<meta property=\"og:type\" content=\"article\" \/>\n<meta property=\"og:title\" content=\"Hoteles en Gr\u00e0cia - Winter Festival Barcelona\" \/>\n<meta property=\"og:description\" content=\"Si busca una experiencia aut\u00e9ntica y vibrante en Barcelona, el barrio de Gr\u00e0cia es su destino hotelero perfecto.\" \/>\n<meta property=\"og:url\" content=\"https:\/\/winterfestivalbarcelona.com\/es\/hoteles-en-gracia\/\" \/>\n<meta property=\"og:site_name\" content=\"Winter Festival Barcelona\" \/>\n<meta property=\"article:published_time\" content=\"2023-06-16T11:52:26+00:00\" \/>\n<meta property=\"article:modified_time\" content=\"2023-07-11T07:01:43+00:00\" \/>\n<meta property=\"og:image\" content=\"https:\/\/winterfestivalbarcelona.com\/wp-content\/uploads\/2023\/06\/Hotels-in-Gracia-scaled.jpg\" \/>\n\t<meta property=\"og:image:width\" content=\"2560\" \/>\n\t<meta property=\"og:image:height\" content=\"1707\" \/>\n\t<meta property=\"og:image:type\" content=\"image\/jpeg\" \/>\n<meta name=\"author\" content=\"Marco_Skreenz\" \/>\n<meta name=\"twitter:card\" content=\"summary_large_image\" \/>\n<meta name=\"twitter:label1\" content=\"Escrito por\" \/>\n\t<meta name=\"twitter:data1\" content=\"Marco_Skreenz\" \/>\n\t<meta name=\"twitter:label2\" content=\"Tiempo de lectura\" \/>\n\t<meta name=\"twitter:data2\" content=\"2 minutos\" \/>\n<script type=\"application\/ld+json\" class=\"yoast-schema-graph\">{\"@context\":\"https:\/\/schema.org\",\"@graph\":[{\"@type\":\"Article\",\"@id\":\"https:\/\/winterfestivalbarcelona.com\/es\/hoteles-en-gracia\/#article\",\"isPartOf\":{\"@id\":\"https:\/\/winterfestivalbarcelona.com\/es\/hoteles-en-gracia\/\"},\"author\":{\"name\":\"Marco_Skreenz\",\"@id\":\"https:\/\/winterfestivalbarcelona.com\/es\/#\/schema\/person\/4853762921d9caee9aacff82af5e00be\"},\"headline\":\"Hoteles en Gr\u00e0cia\",\"datePublished\":\"2023-06-16T11:52:26+00:00\",\"dateModified\":\"2023-07-11T07:01:43+00:00\",\"mainEntityOfPage\":{\"@id\":\"https:\/\/winterfestivalbarcelona.com\/es\/hoteles-en-gracia\/\"},\"wordCount\":513,\"commentCount\":0,\"publisher\":{\"@id\":\"https:\/\/winterfestivalbarcelona.com\/es\/#organization\"},\"image\":{\"@id\":\"https:\/\/winterfestivalbarcelona.com\/es\/hoteles-en-gracia\/#primaryimage\"},\"thumbnailUrl\":\"https:\/\/winterfestivalbarcelona.com\/wp-content\/uploads\/2023\/06\/Hotels-in-Gracia-scaled.jpg\",\"articleSection\":[\"Hoteles\"],\"inLanguage\":\"es\",\"potentialAction\":[{\"@type\":\"CommentAction\",\"name\":\"Comment\",\"target\":[\"https:\/\/winterfestivalbarcelona.com\/es\/hoteles-en-gracia\/#respond\"]}]},{\"@type\":\"WebPage\",\"@id\":\"https:\/\/winterfestivalbarcelona.com\/es\/hoteles-en-gracia\/\",\"url\":\"https:\/\/winterfestivalbarcelona.com\/es\/hoteles-en-gracia\/\",\"name\":\"Hoteles en Gr\u00e0cia - Winter Festival Barcelona\",\"isPartOf\":{\"@id\":\"https:\/\/winterfestivalbarcelona.com\/es\/#website\"},\"primaryImageOfPage\":{\"@id\":\"https:\/\/winterfestivalbarcelona.com\/es\/hoteles-en-gracia\/#primaryimage\"},\"image\":{\"@id\":\"https:\/\/winterfestivalbarcelona.com\/es\/hoteles-en-gracia\/#primaryimage\"},\"thumbnailUrl\":\"https:\/\/winterfestivalbarcelona.com\/wp-content\/uploads\/2023\/06\/Hotels-in-Gracia-scaled.jpg\",\"datePublished\":\"2023-06-16T11:52:26+00:00\",\"dateModified\":\"2023-07-11T07:01:43+00:00\",\"breadcrumb\":{\"@id\":\"https:\/\/winterfestivalbarcelona.com\/es\/hoteles-en-gracia\/#breadcrumb\"},\"inLanguage\":\"es\",\"potentialAction\":[{\"@type\":\"ReadAction\",\"target\":[\"https:\/\/winterfestivalbarcelona.com\/es\/hoteles-en-gracia\/\"]}]},{\"@type\":\"ImageObject\",\"inLanguage\":\"es\",\"@id\":\"https:\/\/winterfestivalbarcelona.com\/es\/hoteles-en-gracia\/#primaryimage\",\"url\":\"https:\/\/winterfestivalbarcelona.com\/wp-content\/uploads\/2023\/06\/Hotels-in-Gracia-scaled.jpg\",\"contentUrl\":\"https:\/\/winterfestivalbarcelona.com\/wp-content\/uploads\/2023\/06\/Hotels-in-Gracia-scaled.jpg\",\"width\":2560,\"height\":1707,\"caption\":\"Hotels in Gra\u0300cia\"},{\"@type\":\"BreadcrumbList\",\"@id\":\"https:\/\/winterfestivalbarcelona.com\/es\/hoteles-en-gracia\/#breadcrumb\",\"itemListElement\":[{\"@type\":\"ListItem\",\"position\":1,\"name\":\"Home\",\"item\":\"https:\/\/winterfestivalbarcelona.com\/es\/\"},{\"@type\":\"ListItem\",\"position\":2,\"name\":\"Hoteles en Gr\u00e0cia\"}]},{\"@type\":\"WebSite\",\"@id\":\"https:\/\/winterfestivalbarcelona.com\/es\/#website\",\"url\":\"https:\/\/winterfestivalbarcelona.com\/es\/\",\"name\":\"Winter Festival Barcelona\",\"description\":\"Enjoy the most wonderful time of the year in Barcelona\",\"publisher\":{\"@id\":\"https:\/\/winterfestivalbarcelona.com\/es\/#organization\"},\"potentialAction\":[{\"@type\":\"SearchAction\",\"target\":{\"@type\":\"EntryPoint\",\"urlTemplate\":\"https:\/\/winterfestivalbarcelona.com\/es\/?s={search_term_string}\"},\"query-input\":{\"@type\":\"PropertyValueSpecification\",\"valueRequired\":true,\"valueName\":\"search_term_string\"}}],\"inLanguage\":\"es\"},{\"@type\":\"Organization\",\"@id\":\"https:\/\/winterfestivalbarcelona.com\/es\/#organization\",\"name\":\"Winter Festival Barcelona\",\"url\":\"https:\/\/winterfestivalbarcelona.com\/es\/\",\"logo\":{\"@type\":\"ImageObject\",\"inLanguage\":\"es\",\"@id\":\"https:\/\/winterfestivalbarcelona.com\/es\/#\/schema\/logo\/image\/\",\"url\":\"https:\/\/winterfestivalbarcelona.com\/wp-content\/uploads\/2023\/06\/winterfestivalbarcelona.jpg\",\"contentUrl\":\"https:\/\/winterfestivalbarcelona.com\/wp-content\/uploads\/2023\/06\/winterfestivalbarcelona.jpg\",\"width\":708,\"height\":259,\"caption\":\"Winter Festival Barcelona\"},\"image\":{\"@id\":\"https:\/\/winterfestivalbarcelona.com\/es\/#\/schema\/logo\/image\/\"}},{\"@type\":\"Person\",\"@id\":\"https:\/\/winterfestivalbarcelona.com\/es\/#\/schema\/person\/4853762921d9caee9aacff82af5e00be\",\"name\":\"Marco_Skreenz\",\"image\":{\"@type\":\"ImageObject\",\"inLanguage\":\"es\",\"@id\":\"https:\/\/winterfestivalbarcelona.com\/es\/#\/schema\/person\/image\/\",\"url\":\"https:\/\/secure.gravatar.com\/avatar\/f621210d3d4bdbf371ca83337f3ee7e8f5a821f02354012bc110b878013bb59a?s=96&d=mm&r=g\",\"contentUrl\":\"https:\/\/secure.gravatar.com\/avatar\/f621210d3d4bdbf371ca83337f3ee7e8f5a821f02354012bc110b878013bb59a?s=96&d=mm&r=g\",\"caption\":\"Marco_Skreenz\"},\"sameAs\":[\"https:\/\/winterfestivalbarcelona.com\"],\"url\":\"https:\/\/winterfestivalbarcelona.com\/es\/author\/marco_skreenz\/\"}]}<\/script>\n<!-- \/ Yoast SEO plugin. -->","yoast_head_json":{"title":"Hoteles en Gr\u00e0cia - Winter Festival Barcelona","robots":{"index":"index","follow":"follow","max-snippet":"max-snippet:-1","max-image-preview":"max-image-preview:large","max-video-preview":"max-video-preview:-1"},"canonical":"https:\/\/winterfestivalbarcelona.com\/es\/hoteles-en-gracia\/","og_locale":"es_ES","og_type":"article","og_title":"Hoteles en Gr\u00e0cia - Winter Festival Barcelona","og_description":"Si busca una experiencia aut\u00e9ntica y vibrante en Barcelona, el barrio de Gr\u00e0cia es su destino hotelero perfecto.","og_url":"https:\/\/winterfestivalbarcelona.com\/es\/hoteles-en-gracia\/","og_site_name":"Winter Festival Barcelona","article_published_time":"2023-06-16T11:52:26+00:00","article_modified_time":"2023-07-11T07:01:43+00:00","og_image":[{"width":2560,"height":1707,"url":"https:\/\/winterfestivalbarcelona.com\/wp-content\/uploads\/2023\/06\/Hotels-in-Gracia-scaled.jpg","type":"image\/jpeg"}],"author":"Marco_Skreenz","twitter_card":"summary_large_image","twitter_misc":{"Escrito por":"Marco_Skreenz","Tiempo de lectura":"2 minutos"},"schema":{"@context":"https:\/\/schema.org","@graph":[{"@type":"Article","@id":"https:\/\/winterfestivalbarcelona.com\/es\/hoteles-en-gracia\/#article","isPartOf":{"@id":"https:\/\/winterfestivalbarcelona.com\/es\/hoteles-en-gracia\/"},"author":{"name":"Marco_Skreenz","@id":"https:\/\/winterfestivalbarcelona.com\/es\/#\/schema\/person\/4853762921d9caee9aacff82af5e00be"},"headline":"Hoteles en Gr\u00e0cia","datePublished":"2023-06-16T11:52:26+00:00","dateModified":"2023-07-11T07:01:43+00:00","mainEntityOfPage":{"@id":"https:\/\/winterfestivalbarcelona.com\/es\/hoteles-en-gracia\/"},"wordCount":513,"commentCount":0,"publisher":{"@id":"https:\/\/winterfestivalbarcelona.com\/es\/#organization"},"image":{"@id":"https:\/\/winterfestivalbarcelona.com\/es\/hoteles-en-gracia\/#primaryimage"},"thumbnailUrl":"https:\/\/winterfestivalbarcelona.com\/wp-content\/uploads\/2023\/06\/Hotels-in-Gracia-scaled.jpg","articleSection":["Hoteles"],"inLanguage":"es","potentialAction":[{"@type":"CommentAction","name":"Comment","target":["https:\/\/winterfestivalbarcelona.com\/es\/hoteles-en-gracia\/#respond"]}]},{"@type":"WebPage","@id":"https:\/\/winterfestivalbarcelona.com\/es\/hoteles-en-gracia\/","url":"https:\/\/winterfestivalbarcelona.com\/es\/hoteles-en-gracia\/","name":"Hoteles en Gr\u00e0cia - Winter Festival Barcelona","isPartOf":{"@id":"https:\/\/winterfestivalbarcelona.com\/es\/#website"},"primaryImageOfPage":{"@id":"https:\/\/winterfestivalbarcelona.com\/es\/hoteles-en-gracia\/#primaryimage"},"image":{"@id":"https:\/\/winterfestivalbarcelona.com\/es\/hoteles-en-gracia\/#primaryimage"},"thumbnailUrl":"https:\/\/winterfestivalbarcelona.com\/wp-content\/uploads\/2023\/06\/Hotels-in-Gracia-scaled.jpg","datePublished":"2023-06-16T11:52:26+00:00","dateModified":"2023-07-11T07:01:43+00:00","breadcrumb":{"@id":"https:\/\/winterfestivalbarcelona.com\/es\/hoteles-en-gracia\/#breadcrumb"},"inLanguage":"es","potentialAction":[{"@type":"ReadAction","target":["https:\/\/winterfestivalbarcelona.com\/es\/hoteles-en-gracia\/"]}]},{"@type":"ImageObject","inLanguage":"es","@id":"https:\/\/winterfestivalbarcelona.com\/es\/hoteles-en-gracia\/#primaryimage","url":"https:\/\/winterfestivalbarcelona.com\/wp-content\/uploads\/2023\/06\/Hotels-in-Gracia-scaled.jpg","contentUrl":"https:\/\/winterfestivalbarcelona.com\/wp-content\/uploads\/2023\/06\/Hotels-in-Gracia-scaled.jpg","width":2560,"height":1707,"caption":"Hotels in Gra\u0300cia"},{"@type":"BreadcrumbList","@id":"https:\/\/winterfestivalbarcelona.com\/es\/hoteles-en-gracia\/#breadcrumb","itemListElement":[{"@type":"ListItem","position":1,"name":"Home","item":"https:\/\/winterfestivalbarcelona.com\/es\/"},{"@type":"ListItem","position":2,"name":"Hoteles en Gr\u00e0cia"}]},{"@type":"WebSite","@id":"https:\/\/winterfestivalbarcelona.com\/es\/#website","url":"https:\/\/winterfestivalbarcelona.com\/es\/","name":"Winter Festival Barcelona","description":"Enjoy the most wonderful time of the year in Barcelona","publisher":{"@id":"https:\/\/winterfestivalbarcelona.com\/es\/#organization"},"potentialAction":[{"@type":"SearchAction","target":{"@type":"EntryPoint","urlTemplate":"https:\/\/winterfestivalbarcelona.com\/es\/?s={search_term_string}"},"query-input":{"@type":"PropertyValueSpecification","valueRequired":true,"valueName":"search_term_string"}}],"inLanguage":"es"},{"@type":"Organization","@id":"https:\/\/winterfestivalbarcelona.com\/es\/#organization","name":"Winter Festival Barcelona","url":"https:\/\/winterfestivalbarcelona.com\/es\/","logo":{"@type":"ImageObject","inLanguage":"es","@id":"https:\/\/winterfestivalbarcelona.com\/es\/#\/schema\/logo\/image\/","url":"https:\/\/winterfestivalbarcelona.com\/wp-content\/uploads\/2023\/06\/winterfestivalbarcelona.jpg","contentUrl":"https:\/\/winterfestivalbarcelona.com\/wp-content\/uploads\/2023\/06\/winterfestivalbarcelona.jpg","width":708,"height":259,"caption":"Winter Festival Barcelona"},"image":{"@id":"https:\/\/winterfestivalbarcelona.com\/es\/#\/schema\/logo\/image\/"}},{"@type":"Person","@id":"https:\/\/winterfestivalbarcelona.com\/es\/#\/schema\/person\/4853762921d9caee9aacff82af5e00be","name":"Marco_Skreenz","image":{"@type":"ImageObject","inLanguage":"es","@id":"https:\/\/winterfestivalbarcelona.com\/es\/#\/schema\/person\/image\/","url":"https:\/\/secure.gravatar.com\/avatar\/f621210d3d4bdbf371ca83337f3ee7e8f5a821f02354012bc110b878013bb59a?s=96&d=mm&r=g","contentUrl":"https:\/\/secure.gravatar.com\/avatar\/f621210d3d4bdbf371ca83337f3ee7e8f5a821f02354012bc110b878013bb59a?s=96&d=mm&r=g","caption":"Marco_Skreenz"},"sameAs":["https:\/\/winterfestivalbarcelona.com"],"url":"https:\/\/winterfestivalbarcelona.com\/es\/author\/marco_skreenz\/"}]}},"_links":{"self":[{"href":"https:\/\/winterfestivalbarcelona.com\/es\/wp-json\/wp\/v2\/posts\/1053","targetHints":{"allow":["GET"]}}],"collection":[{"href":"https:\/\/winterfestivalbarcelona.com\/es\/wp-json\/wp\/v2\/posts"}],"about":[{"href":"https:\/\/winterfestivalbarcelona.com\/es\/wp-json\/wp\/v2\/types\/post"}],"author":[{"embeddable":true,"href":"https:\/\/winterfestivalbarcelona.com\/es\/wp-json\/wp\/v2\/users\/1"}],"replies":[{"embeddable":true,"href":"https:\/\/winterfestivalbarcelona.com\/es\/wp-json\/wp\/v2\/comments?post=1053"}],"version-history":[{"count":1,"href":"https:\/\/winterfestivalbarcelona.com\/es\/wp-json\/wp\/v2\/posts\/1053\/revisions"}],"predecessor-version":[{"id":1066,"href":"https:\/\/winterfestivalbarcelona.com\/es\/wp-json\/wp\/v2\/posts\/1053\/revisions\/1066"}],"wp:featuredmedia":[{"embeddable":true,"href":"https:\/\/winterfestivalbarcelona.com\/es\/wp-json\/wp\/v2\/media\/828"}],"wp:attachment":[{"href":"https:\/\/winterfestivalbarcelona.com\/es\/wp-json\/wp\/v2\/media?parent=1053"}],"wp:term":[{"taxonomy":"category","embeddable":true,"href":"https:\/\/winterfestivalbarcelona.com\/es\/wp-json\/wp\/v2\/categories?post=1053"},{"taxonomy":"post_tag","embeddable":true,"href":"https:\/\/winterfestivalbarcelona.com\/es\/wp-json\/wp\/v2\/tags?post=1053"}],"curies":[{"name":"wp","href":"https:\/\/api.w.org\/{rel}","templated":true}]}}