{"id":1322,"date":"2023-02-02T14:22:00","date_gmt":"2023-02-02T14:22:00","guid":{"rendered":"https:\/\/winterfestivalbarcelona.com\/ueber-uns\/"},"modified":"2023-07-11T07:03:03","modified_gmt":"2023-07-11T07:03:03","slug":"ueber-uns","status":"publish","type":"post","link":"https:\/\/winterfestivalbarcelona.com\/de\/ueber-uns\/","title":{"rendered":"\u00dcber uns"},"content":{"rendered":"\n<p class=\"has-medium-font-size\">Willkommen auf der Website des <a href=\"https:\/\/winterfestivalbarcelona.com\/de\/\">Winterfestivals Barcelona<\/a>. In den Wintermonaten verwandelt sich Barcelona in eine der sch\u00f6nsten Weihnachtsst\u00e4dte Europas. Verschiedene <a href=\"https:\/\/winterfestivalbarcelona.com\/de\/weihnachtsmaerkte-in-barcelona\/\">Weihnachtsm\u00e4rkte<\/a>, beleuchtete Einkaufsstra\u00dfen und das <a href=\"https:\/\/winterfestivalbarcelona.com\/event\/light-festival-barcelona-at-sant-pau\/\">Lichterfest in Sant Pau<\/a> sorgen f\u00fcr eine einzigartige festliche Atmosph\u00e4re im Stadtzentrum von Barcelona<\/p>\n\n<p class=\"has-medium-font-size\">Mit dem Winterfestival Barcelona wollen wir den Besuch Barcelonas in der Winter- und insbesondere in der Weihnachtszeit f\u00f6rdern. <strong>Um die Kosten der Website auszugleichen, erhalten wir manchmal eine kleine Provision, wenn jemand \u00fcber unsere Website ein Ticket kauft oder ein Hotel bucht<\/strong>. Wir w\u00fcrden es daher begr\u00fc\u00dfen, wenn Sie Ihre Tickets und Ihr Hotel \u00fcber unsere Website buchen. Dies kann \u00fcber die unten stehenden Links geschehen.<\/p>\n<div style=\"gap: 20px;\" class=\"align-button-left ub-buttons orientation-button-row ub-flex-wrap wp-block-ub-button\" id=\"ub-button-c6c781fa-d38e-4bbf-bffb-3569ccaa6457\"><div class=\"ub-button-container\">\n\t\t\t<a href=\"https:\/\/www.tiqets.com\/en\/barcelona-attractions-c66342\/?partner=winterfestivalbarcelona\" target=\"_blank\" rel=\"noopener noreferrer\" class=\"ub-button-block-main   ub-button-flex\" role=\"button\" style=\"--ub-button-background-color: #000288; --ub-button-color: #ffffff; --ub-button-border: none; --ub-button-hover-background-color: #313131; --ub-button-hover-color: #ffffff; --ub-button-hover-border: none; padding-top: 10px; padding-right: 10px; padding-bottom: 10px; padding-left: 10px; border-radius: 10px; \">\n\t\t\t\t<div class=\"ub-button-content-holder\" style=\"flex-direction: row\">\n\t\t\t\t\t<span class=\"ub-button-icon-holder\">\n\t\t\t\t<svg xmlns=\"http:\/\/www.w3.org\/2000\/svg\" height=\"30\" width=\"30\" viewbox=\"0 0 512 512\">\n\t\t\t\t\t<path fill=\"currentColor\" d=\"M0 256a256 256 0 1 0 512 0A256 256 0 1 0 0 256zM241 377c-9.4 9.4-24.6 9.4-33.9 0s-9.4-24.6 0-33.9l87-87-87-87c-9.4-9.4-9.4-24.6 0-33.9s24.6-9.4 33.9 0L345 239c9.4 9.4 9.4 24.6 0 33.9L241 377z\">\n\t\t\t\t<\/path><\/svg>\n\t\t\t<\/span><span class=\"ub-button-block-btn\">Book your tickets<\/span>\n\t\t\t\t<\/div>\n\t\t\t<\/a>\n\t\t<\/div><div class=\"ub-button-container\">\n\t\t\t<a href=\"https:\/\/www.booking.com\/city\/es\/barcelona.en.html?aid=2345263&amp;no_rooms=1&amp;group_adults=2&amp;room1=A%2CA\" target=\"_blank\" rel=\"noopener noreferrer\" class=\"ub-button-block-main   ub-button-flex\" role=\"button\" style=\"--ub-button-background-color: #000288; --ub-button-color: #ffffff; --ub-button-border: none; --ub-button-hover-background-color: #313131; --ub-button-hover-color: #ffffff; --ub-button-hover-border: none; padding-top: 10px; padding-right: 10px; padding-bottom: 10px; padding-left: 10px; border-radius: 10px; \">\n\t\t\t\t<div class=\"ub-button-content-holder\" style=\"flex-direction: row\">\n\t\t\t\t\t<span class=\"ub-button-icon-holder\">\n\t\t\t\t<svg xmlns=\"http:\/\/www.w3.org\/2000\/svg\" height=\"30\" width=\"30\" viewbox=\"0 0 512 512\">\n\t\t\t\t\t<path fill=\"currentColor\" d=\"M0 256a256 256 0 1 0 512 0A256 256 0 1 0 0 256zM241 377c-9.4 9.4-24.6 9.4-33.9 0s-9.4-24.6 0-33.9l87-87-87-87c-9.4-9.4-9.4-24.6 0-33.9s24.6-9.4 33.9 0L345 239c9.4 9.4 9.4 24.6 0 33.9L241 377z\">\n\t\t\t\t<\/path><\/svg>\n\t\t\t<\/span><span class=\"ub-button-block-btn\">Book your hotel<\/span>\n\t\t\t\t<\/div>\n\t\t\t<\/a>\n\t\t<\/div><\/div>\n<p class=\"has-medium-font-size\">Winter Festival Barcelona ist Teil von <a href=\"https:\/\/www.skreenz.nl\/\">Skreenz Travel Media B.V.<\/a> mit Sitz in den Niederlanden. Skreenz entwickelt Tourismuskampagnen f\u00fcr St\u00e4dte wie Amsterdam, Barcelona und Dubai. Besuchen Sie auch unsere anderen Tourismuskampagnen:<\/p>\n\n<p class=\"has-medium-font-size\"><a href=\"https:\/\/winterfestivalamsterdam.com\/\" target=\"_blank\" rel=\"noreferrer noopener\">Winterfestival Amsterdam<\/a> | <a href=\"https:\/\/tulipfestivalamsterdam.com\/\" target=\"_blank\" rel=\"noreferrer noopener\">Tulpenfestival Amsterdam<\/a> | <a href=\"https:\/\/www.bollenstreek.nl\/\" target=\"_blank\" rel=\"noreferrer noopener\">Bollenstreek<\/a> | <a href=\"https:\/\/dutchcountryside.com\/\" target=\"_blank\" rel=\"noreferrer noopener\">Holl\u00e4ndisches Landleben<\/a> | <a href=\"https:\/\/canalsofamsterdam.com\/\" target=\"_blank\" rel=\"noreferrer noopener\">Grachten von Amsterdam<\/a> | <a href=\"https:\/\/flowertour.nl\/\" target=\"_blank\" rel=\"noreferrer noopener\">Blumentour<\/a> | <a href=\"https:\/\/winterindubai.com\/\" target=\"_blank\" rel=\"noreferrer noopener\">Winter in Dubai<\/a><\/p>\n","protected":false},"excerpt":{"rendered":"<p>Mit dem Winterfestival Barcelona m\u00f6chten wir den Besuch Barcelonas in der Winter- und insbesondere in der Weihnachtszeit f\u00f6rdern.  <\/p>\n","protected":false},"author":1,"featured_media":0,"comment_status":"open","ping_status":"open","sticky":false,"template":"","format":"standard","meta":{"_tec_requires_first_save":true,"_EventAllDay":false,"_EventTimezone":"","_EventStartDate":"","_EventEndDate":"","_EventStartDateUTC":"","_EventEndDateUTC":"","_EventShowMap":false,"_EventShowMapLink":false,"_EventURL":"","_EventCost":"","_EventCostDescription":"","_EventCurrencySymbol":"","_EventCurrencyCode":"","_EventCurrencyPosition":"","_EventDateTimeSeparator":"","_EventTimeRangeSeparator":"","_EventOrganizerID":[],"_EventVenueID":[],"_OrganizerEmail":"","_OrganizerPhone":"","_OrganizerWebsite":"","_VenueAddress":"","_VenueCity":"","_VenueCountry":"","_VenueProvince":"","_VenueState":"","_VenueZip":"","_VenuePhone":"","_VenueURL":"","_VenueStateProvince":"","_VenueLat":"","_VenueLng":"","_VenueShowMap":false,"_VenueShowMapLink":false,"_tribe_blocks_recurrence_rules":"","_tribe_blocks_recurrence_description":"","_tribe_blocks_recurrence_exclusions":"","footnotes":""},"categories":[50],"tags":[],"class_list":["post-1322","post","type-post","status-publish","format-standard","hentry","category-winterfest-in-barcelona"],"featured_image_src":null,"author_info":{"display_name":"Marco_Skreenz","author_link":"https:\/\/winterfestivalbarcelona.com\/de\/author\/marco_skreenz\/"},"yoast_head":"<!-- This site is optimized with the Yoast SEO plugin v26.6 - https:\/\/yoast.com\/wordpress\/plugins\/seo\/ -->\n<title>\u00dcber uns - Winter Festival Barcelona<\/title>\n<meta name=\"robots\" content=\"index, follow, max-snippet:-1, max-image-preview:large, max-video-preview:-1\" \/>\n<link rel=\"canonical\" href=\"https:\/\/winterfestivalbarcelona.com\/de\/ueber-uns\/\" \/>\n<meta property=\"og:locale\" content=\"de_DE\" \/>\n<meta property=\"og:type\" content=\"article\" \/>\n<meta property=\"og:title\" content=\"\u00dcber uns - Winter Festival Barcelona\" \/>\n<meta property=\"og:description\" content=\"Mit dem Winterfestival Barcelona m\u00f6chten wir den Besuch Barcelonas in der Winter- und insbesondere in der Weihnachtszeit f\u00f6rdern.\" \/>\n<meta property=\"og:url\" content=\"https:\/\/winterfestivalbarcelona.com\/de\/ueber-uns\/\" \/>\n<meta property=\"og:site_name\" content=\"Winter Festival Barcelona\" \/>\n<meta property=\"article:published_time\" content=\"2023-02-02T14:22:00+00:00\" \/>\n<meta property=\"article:modified_time\" content=\"2023-07-11T07:03:03+00:00\" \/>\n<meta name=\"author\" content=\"Marco_Skreenz\" \/>\n<meta name=\"twitter:card\" content=\"summary_large_image\" \/>\n<meta name=\"twitter:label1\" content=\"Verfasst von\" \/>\n\t<meta name=\"twitter:data1\" content=\"Marco_Skreenz\" \/>\n\t<meta name=\"twitter:label2\" content=\"Gesch\u00e4tzte Lesezeit\" \/>\n\t<meta name=\"twitter:data2\" content=\"1\u00a0Minute\" \/>\n<script type=\"application\/ld+json\" class=\"yoast-schema-graph\">{\"@context\":\"https:\/\/schema.org\",\"@graph\":[{\"@type\":\"Article\",\"@id\":\"https:\/\/winterfestivalbarcelona.com\/de\/ueber-uns\/#article\",\"isPartOf\":{\"@id\":\"https:\/\/winterfestivalbarcelona.com\/de\/ueber-uns\/\"},\"author\":{\"name\":\"Marco_Skreenz\",\"@id\":\"https:\/\/winterfestivalbarcelona.com\/de\/#\/schema\/person\/4853762921d9caee9aacff82af5e00be\"},\"headline\":\"\u00dcber uns\",\"datePublished\":\"2023-02-02T14:22:00+00:00\",\"dateModified\":\"2023-07-11T07:03:03+00:00\",\"mainEntityOfPage\":{\"@id\":\"https:\/\/winterfestivalbarcelona.com\/de\/ueber-uns\/\"},\"wordCount\":165,\"commentCount\":0,\"publisher\":{\"@id\":\"https:\/\/winterfestivalbarcelona.com\/de\/#organization\"},\"articleSection\":[\"Winterfest in Barcelona\"],\"inLanguage\":\"de\",\"potentialAction\":[{\"@type\":\"CommentAction\",\"name\":\"Comment\",\"target\":[\"https:\/\/winterfestivalbarcelona.com\/de\/ueber-uns\/#respond\"]}]},{\"@type\":\"WebPage\",\"@id\":\"https:\/\/winterfestivalbarcelona.com\/de\/ueber-uns\/\",\"url\":\"https:\/\/winterfestivalbarcelona.com\/de\/ueber-uns\/\",\"name\":\"\u00dcber uns - Winter Festival Barcelona\",\"isPartOf\":{\"@id\":\"https:\/\/winterfestivalbarcelona.com\/de\/#website\"},\"datePublished\":\"2023-02-02T14:22:00+00:00\",\"dateModified\":\"2023-07-11T07:03:03+00:00\",\"breadcrumb\":{\"@id\":\"https:\/\/winterfestivalbarcelona.com\/de\/ueber-uns\/#breadcrumb\"},\"inLanguage\":\"de\",\"potentialAction\":[{\"@type\":\"ReadAction\",\"target\":[\"https:\/\/winterfestivalbarcelona.com\/de\/ueber-uns\/\"]}]},{\"@type\":\"BreadcrumbList\",\"@id\":\"https:\/\/winterfestivalbarcelona.com\/de\/ueber-uns\/#breadcrumb\",\"itemListElement\":[{\"@type\":\"ListItem\",\"position\":1,\"name\":\"Home\",\"item\":\"https:\/\/winterfestivalbarcelona.com\/de\/\"},{\"@type\":\"ListItem\",\"position\":2,\"name\":\"\u00dcber uns\"}]},{\"@type\":\"WebSite\",\"@id\":\"https:\/\/winterfestivalbarcelona.com\/de\/#website\",\"url\":\"https:\/\/winterfestivalbarcelona.com\/de\/\",\"name\":\"Winter Festival Barcelona\",\"description\":\"Enjoy the most wonderful time of the year in Barcelona\",\"publisher\":{\"@id\":\"https:\/\/winterfestivalbarcelona.com\/de\/#organization\"},\"potentialAction\":[{\"@type\":\"SearchAction\",\"target\":{\"@type\":\"EntryPoint\",\"urlTemplate\":\"https:\/\/winterfestivalbarcelona.com\/de\/?s={search_term_string}\"},\"query-input\":{\"@type\":\"PropertyValueSpecification\",\"valueRequired\":true,\"valueName\":\"search_term_string\"}}],\"inLanguage\":\"de\"},{\"@type\":\"Organization\",\"@id\":\"https:\/\/winterfestivalbarcelona.com\/de\/#organization\",\"name\":\"Winter Festival Barcelona\",\"url\":\"https:\/\/winterfestivalbarcelona.com\/de\/\",\"logo\":{\"@type\":\"ImageObject\",\"inLanguage\":\"de\",\"@id\":\"https:\/\/winterfestivalbarcelona.com\/de\/#\/schema\/logo\/image\/\",\"url\":\"https:\/\/winterfestivalbarcelona.com\/wp-content\/uploads\/2023\/06\/winterfestivalbarcelona.jpg\",\"contentUrl\":\"https:\/\/winterfestivalbarcelona.com\/wp-content\/uploads\/2023\/06\/winterfestivalbarcelona.jpg\",\"width\":708,\"height\":259,\"caption\":\"Winter Festival Barcelona\"},\"image\":{\"@id\":\"https:\/\/winterfestivalbarcelona.com\/de\/#\/schema\/logo\/image\/\"}},{\"@type\":\"Person\",\"@id\":\"https:\/\/winterfestivalbarcelona.com\/de\/#\/schema\/person\/4853762921d9caee9aacff82af5e00be\",\"name\":\"Marco_Skreenz\",\"image\":{\"@type\":\"ImageObject\",\"inLanguage\":\"de\",\"@id\":\"https:\/\/winterfestivalbarcelona.com\/de\/#\/schema\/person\/image\/\",\"url\":\"https:\/\/secure.gravatar.com\/avatar\/f621210d3d4bdbf371ca83337f3ee7e8f5a821f02354012bc110b878013bb59a?s=96&d=mm&r=g\",\"contentUrl\":\"https:\/\/secure.gravatar.com\/avatar\/f621210d3d4bdbf371ca83337f3ee7e8f5a821f02354012bc110b878013bb59a?s=96&d=mm&r=g\",\"caption\":\"Marco_Skreenz\"},\"sameAs\":[\"https:\/\/winterfestivalbarcelona.com\"],\"url\":\"https:\/\/winterfestivalbarcelona.com\/de\/author\/marco_skreenz\/\"}]}<\/script>\n<!-- \/ Yoast SEO plugin. -->","yoast_head_json":{"title":"\u00dcber uns - Winter Festival Barcelona","robots":{"index":"index","follow":"follow","max-snippet":"max-snippet:-1","max-image-preview":"max-image-preview:large","max-video-preview":"max-video-preview:-1"},"canonical":"https:\/\/winterfestivalbarcelona.com\/de\/ueber-uns\/","og_locale":"de_DE","og_type":"article","og_title":"\u00dcber uns - Winter Festival Barcelona","og_description":"Mit dem Winterfestival Barcelona m\u00f6chten wir den Besuch Barcelonas in der Winter- und insbesondere in der Weihnachtszeit f\u00f6rdern.","og_url":"https:\/\/winterfestivalbarcelona.com\/de\/ueber-uns\/","og_site_name":"Winter Festival Barcelona","article_published_time":"2023-02-02T14:22:00+00:00","article_modified_time":"2023-07-11T07:03:03+00:00","author":"Marco_Skreenz","twitter_card":"summary_large_image","twitter_misc":{"Verfasst von":"Marco_Skreenz","Gesch\u00e4tzte Lesezeit":"1\u00a0Minute"},"schema":{"@context":"https:\/\/schema.org","@graph":[{"@type":"Article","@id":"https:\/\/winterfestivalbarcelona.com\/de\/ueber-uns\/#article","isPartOf":{"@id":"https:\/\/winterfestivalbarcelona.com\/de\/ueber-uns\/"},"author":{"name":"Marco_Skreenz","@id":"https:\/\/winterfestivalbarcelona.com\/de\/#\/schema\/person\/4853762921d9caee9aacff82af5e00be"},"headline":"\u00dcber uns","datePublished":"2023-02-02T14:22:00+00:00","dateModified":"2023-07-11T07:03:03+00:00","mainEntityOfPage":{"@id":"https:\/\/winterfestivalbarcelona.com\/de\/ueber-uns\/"},"wordCount":165,"commentCount":0,"publisher":{"@id":"https:\/\/winterfestivalbarcelona.com\/de\/#organization"},"articleSection":["Winterfest in Barcelona"],"inLanguage":"de","potentialAction":[{"@type":"CommentAction","name":"Comment","target":["https:\/\/winterfestivalbarcelona.com\/de\/ueber-uns\/#respond"]}]},{"@type":"WebPage","@id":"https:\/\/winterfestivalbarcelona.com\/de\/ueber-uns\/","url":"https:\/\/winterfestivalbarcelona.com\/de\/ueber-uns\/","name":"\u00dcber uns - Winter Festival Barcelona","isPartOf":{"@id":"https:\/\/winterfestivalbarcelona.com\/de\/#website"},"datePublished":"2023-02-02T14:22:00+00:00","dateModified":"2023-07-11T07:03:03+00:00","breadcrumb":{"@id":"https:\/\/winterfestivalbarcelona.com\/de\/ueber-uns\/#breadcrumb"},"inLanguage":"de","potentialAction":[{"@type":"ReadAction","target":["https:\/\/winterfestivalbarcelona.com\/de\/ueber-uns\/"]}]},{"@type":"BreadcrumbList","@id":"https:\/\/winterfestivalbarcelona.com\/de\/ueber-uns\/#breadcrumb","itemListElement":[{"@type":"ListItem","position":1,"name":"Home","item":"https:\/\/winterfestivalbarcelona.com\/de\/"},{"@type":"ListItem","position":2,"name":"\u00dcber uns"}]},{"@type":"WebSite","@id":"https:\/\/winterfestivalbarcelona.com\/de\/#website","url":"https:\/\/winterfestivalbarcelona.com\/de\/","name":"Winter Festival Barcelona","description":"Enjoy the most wonderful time of the year in Barcelona","publisher":{"@id":"https:\/\/winterfestivalbarcelona.com\/de\/#organization"},"potentialAction":[{"@type":"SearchAction","target":{"@type":"EntryPoint","urlTemplate":"https:\/\/winterfestivalbarcelona.com\/de\/?s={search_term_string}"},"query-input":{"@type":"PropertyValueSpecification","valueRequired":true,"valueName":"search_term_string"}}],"inLanguage":"de"},{"@type":"Organization","@id":"https:\/\/winterfestivalbarcelona.com\/de\/#organization","name":"Winter Festival Barcelona","url":"https:\/\/winterfestivalbarcelona.com\/de\/","logo":{"@type":"ImageObject","inLanguage":"de","@id":"https:\/\/winterfestivalbarcelona.com\/de\/#\/schema\/logo\/image\/","url":"https:\/\/winterfestivalbarcelona.com\/wp-content\/uploads\/2023\/06\/winterfestivalbarcelona.jpg","contentUrl":"https:\/\/winterfestivalbarcelona.com\/wp-content\/uploads\/2023\/06\/winterfestivalbarcelona.jpg","width":708,"height":259,"caption":"Winter Festival Barcelona"},"image":{"@id":"https:\/\/winterfestivalbarcelona.com\/de\/#\/schema\/logo\/image\/"}},{"@type":"Person","@id":"https:\/\/winterfestivalbarcelona.com\/de\/#\/schema\/person\/4853762921d9caee9aacff82af5e00be","name":"Marco_Skreenz","image":{"@type":"ImageObject","inLanguage":"de","@id":"https:\/\/winterfestivalbarcelona.com\/de\/#\/schema\/person\/image\/","url":"https:\/\/secure.gravatar.com\/avatar\/f621210d3d4bdbf371ca83337f3ee7e8f5a821f02354012bc110b878013bb59a?s=96&d=mm&r=g","contentUrl":"https:\/\/secure.gravatar.com\/avatar\/f621210d3d4bdbf371ca83337f3ee7e8f5a821f02354012bc110b878013bb59a?s=96&d=mm&r=g","caption":"Marco_Skreenz"},"sameAs":["https:\/\/winterfestivalbarcelona.com"],"url":"https:\/\/winterfestivalbarcelona.com\/de\/author\/marco_skreenz\/"}]}},"_links":{"self":[{"href":"https:\/\/winterfestivalbarcelona.com\/de\/wp-json\/wp\/v2\/posts\/1322","targetHints":{"allow":["GET"]}}],"collection":[{"href":"https:\/\/winterfestivalbarcelona.com\/de\/wp-json\/wp\/v2\/posts"}],"about":[{"href":"https:\/\/winterfestivalbarcelona.com\/de\/wp-json\/wp\/v2\/types\/post"}],"author":[{"embeddable":true,"href":"https:\/\/winterfestivalbarcelona.com\/de\/wp-json\/wp\/v2\/users\/1"}],"replies":[{"embeddable":true,"href":"https:\/\/winterfestivalbarcelona.com\/de\/wp-json\/wp\/v2\/comments?post=1322"}],"version-history":[{"count":1,"href":"https:\/\/winterfestivalbarcelona.com\/de\/wp-json\/wp\/v2\/posts\/1322\/revisions"}],"predecessor-version":[{"id":1335,"href":"https:\/\/winterfestivalbarcelona.com\/de\/wp-json\/wp\/v2\/posts\/1322\/revisions\/1335"}],"wp:attachment":[{"href":"https:\/\/winterfestivalbarcelona.com\/de\/wp-json\/wp\/v2\/media?parent=1322"}],"wp:term":[{"taxonomy":"category","embeddable":true,"href":"https:\/\/winterfestivalbarcelona.com\/de\/wp-json\/wp\/v2\/categories?post=1322"},{"taxonomy":"post_tag","embeddable":true,"href":"https:\/\/winterfestivalbarcelona.com\/de\/wp-json\/wp\/v2\/tags?post=1322"}],"curies":[{"name":"wp","href":"https:\/\/api.w.org\/{rel}","templated":true}]}}